{"id":8113,"date":"2018-05-24T13:02:43","date_gmt":"2018-05-24T16:02:43","guid":{"rendered":"https:\/\/blogs.correiobraziliense.com.br\/vicente\/?p=8113"},"modified":"2018-05-24T13:36:08","modified_gmt":"2018-05-24T16:36:08","slug":"petrobras-desaba-e-nao-e-mais-empresa-de-maior-valor-na-bolsa","status":"publish","type":"post","link":"https:\/\/blogs.correiobraziliense.com.br\/vicente\/petrobras-desaba-e-nao-e-mais-empresa-de-maior-valor-na-bolsa\/","title":{"rendered":"Petrobras desaba e n\u00e3o \u00e9 mais a empresa de maior valor na Bolsa"},"content":{"rendered":"<h2>As a\u00e7\u00f5es da Petrobras est\u00e3o tomando uma sova na Bolsa de Valores. Pouco antes da uma da tarde, os pap\u00e9is preferenciais (PN) da empresa ca\u00edam 13,28%, a R$ 20,18, e os ordin\u00e1rios (ON) recuavam 13,08%, a R$ 23,60. Com isso, a empresa perdeu o posto de mais valiosa do mercado, voltando a ficar atr\u00e1s da Ambev. Pelos c\u00e1lculos dos especialistas, a Petrobras vale, agora, cerca de R$ 290 bilh\u00f5es, e a Ambev, aproximadamente R$ 315 bilh\u00f5es.<\/h2>\n<p>&nbsp;<\/p>\n<p>Segundo operadores do mercado, os investidores est\u00e3o respondendo, negativamente, \u00e0 decis\u00e3o da petroleira de ceder aos pleitos do governo e reduzir em 10% o valor do diesel e congelar os pre\u00e7os por 15 dias. A principal promessa de Pedro Parente, ao assumir a presid\u00eancia da estatal, foi a de n\u00e3o ceder \u00e0s interfer\u00eancias do Pal\u00e1cio do Planalto. Parente, que tinha alta credibilidade no mercado, perdeu boa parte desse patrim\u00f4nio.<\/p>\n<p>&nbsp;<\/p>\n<p>No entender dos analistas, a tend\u00eancia \u00e9 de que\u00a0as cota\u00e7\u00f5es\u00a0das a\u00e7\u00f5es da Petrobras continuem cedendo, pois n\u00e3o h\u00e1 mais a certeza de que a pol\u00edtica de pre\u00e7os da companhia est\u00e1 blindada de interesses pol\u00edticos. Os investidores n\u00e3o esquecem o que ocorreu no governo de Dilma Rousseff, quando o congelamento de pre\u00e7os resultou em preju\u00edzos de US$ 40 bilh\u00f5es \u00e0 companhia.<\/p>\n<p>&nbsp;<\/p>\n<p>Ao atender os pleitos dos caminhoneiros, o governo mostrou que, entre o discurso e a pr\u00e1tica, h\u00e1 uma grande diferen\u00e7a. Em entrevista recente ao <strong>Correio<\/strong>, o presidente Michel Temer atribuiu o lucro de R$ 7 bilh\u00f5es da Petrobras no primeiro trimestre deste ano \u00e0 independ\u00eancia na gest\u00e3o de Pedro Parente. Estamos vendo que n\u00e3o \u00e9 bem assim.<\/p>\n<p>&nbsp;<\/p>\n<p>Os investidores v\u00e3o cobrar uma postura mais clara da Petrobras. Certamente, se a empresa anunciar qualquer outra altera\u00e7\u00e3o na pol\u00edtica de pre\u00e7os, a queda no valor das a\u00e7\u00f5es ser\u00e1 muito maior. Como diz um operador ouvido pelo <strong>Blog<\/strong>, &#8220;a Petrobras n\u00e3o pode trair o mercado&#8221;. Para ele, j\u00e1 chega tudo o que foi feito com a empresa durante os governos petistas. A estatal foi saqueada pela corrup\u00e7\u00e3o e perdeu bilh\u00f5es de reais por causa de pol\u00edticas equivocadas.<\/p>\n<p>&nbsp;<\/p>\n<p><em>Bras\u00edlia, 13h02min<\/em><\/p>\n<p>&nbsp;<\/p>\n","protected":false},"excerpt":{"rendered":"<p>As a\u00e7\u00f5es da Petrobras est\u00e3o tomando uma sova na Bolsa de Valores. Pouco antes da uma da tarde, os pap\u00e9is preferenciais (PN) da empresa ca\u00edam 13,28%, a R$ 20,18, e os ordin\u00e1rios (ON) recuavam 13,08%, a R$ 23,60. Com isso, a empresa perdeu o posto de mais valiosa do mercado, voltando a ficar atr\u00e1s da [&hellip;]<\/p>\n","protected":false},"author":22,"featured_media":0,"comment_status":"open","ping_status":"closed","sticky":false,"template":"","format":"standard","meta":{"footnotes":""},"categories":[600],"tags":[3394,2393,199,111,634,228,279],"class_list":["post-8113","post","type-post","status-publish","format-standard","hentry","category-economia","tag-acoes","tag-bolsa","tag-investidores","tag-michel-temer","tag-pedro-parente","tag-petrobras","tag-queda"],"_links":{"self":[{"href":"https:\/\/blogs.correiobraziliense.com.br\/vicente\/wp-json\/wp\/v2\/posts\/8113","targetHints":{"allow":["GET"]}}],"collection":[{"href":"https:\/\/blogs.correiobraziliense.com.br\/vicente\/wp-json\/wp\/v2\/posts"}],"about":[{"href":"https:\/\/blogs.correiobraziliense.com.br\/vicente\/wp-json\/wp\/v2\/types\/post"}],"author":[{"embeddable":true,"href":"https:\/\/blogs.correiobraziliense.com.br\/vicente\/wp-json\/wp\/v2\/users\/22"}],"replies":[{"embeddable":true,"href":"https:\/\/blogs.correiobraziliense.com.br\/vicente\/wp-json\/wp\/v2\/comments?post=8113"}],"version-history":[{"count":6,"href":"https:\/\/blogs.correiobraziliense.com.br\/vicente\/wp-json\/wp\/v2\/posts\/8113\/revisions"}],"predecessor-version":[{"id":8119,"href":"https:\/\/blogs.correiobraziliense.com.br\/vicente\/wp-json\/wp\/v2\/posts\/8113\/revisions\/8119"}],"wp:attachment":[{"href":"https:\/\/blogs.correiobraziliense.com.br\/vicente\/wp-json\/wp\/v2\/media?parent=8113"}],"wp:term":[{"taxonomy":"category","embeddable":true,"href":"https:\/\/blogs.correiobraziliense.com.br\/vicente\/wp-json\/wp\/v2\/categories?post=8113"},{"taxonomy":"post_tag","embeddable":true,"href":"https:\/\/blogs.correiobraziliense.com.br\/vicente\/wp-json\/wp\/v2\/tags?post=8113"}],"curies":[{"name":"wp","href":"https:\/\/api.w.org\/{rel}","templated":true}]}}