{"id":8109,"date":"2018-05-24T09:46:18","date_gmt":"2018-05-24T12:46:18","guid":{"rendered":"https:\/\/blogs.correiobraziliense.com.br\/vicente\/?p=8109"},"modified":"2018-05-24T12:59:19","modified_gmt":"2018-05-24T15:59:19","slug":"pedro-parente-faz-o-que-prometeu-nao-fazer","status":"publish","type":"post","link":"https:\/\/blogs.correiobraziliense.com.br\/vicente\/pedro-parente-faz-o-que-prometeu-nao-fazer\/","title":{"rendered":"Pedro Parente faz o que prometeu n\u00e3o fazer"},"content":{"rendered":"<h2><em>Em dezembro de 2016, o presidente da Petrobras deu uma longa entrevista ao <strong>Correio<\/strong>. Fez quest\u00e3o, em v\u00e1rios momentos, de frisar que a empresa teria autonomia para fixar os pre\u00e7os dos combust\u00edveis. Foi o que se viu at\u00e9 a noite de quarta-feira (23\/05), quando a estatal anunciou redu\u00e7\u00e3o de 10% nos pre\u00e7os do diesel e congelamento dos valores por 15 dias. Veja um trecho de suas declara\u00e7\u00f5es ao <strong>Correio<\/strong>.<\/em><\/h2>\n<p>&nbsp;<\/p>\n<p><strong>H\u00e1 possibilidade de o presidente da Rep\u00fablica ligar e dizer \u201cn\u00e3o aumentem o pre\u00e7o da gasolina agora\u201d?<\/strong><br \/>\nN\u00e3o h\u00e1 essa possibilidade. N\u00e3o vai acontecer. Quando o presidente Temer me convidou, n\u00f3s conversamos longamente sobre como eu penso que deveria ser gerida a Petrobras e como ele pensa. Houve uma converg\u00eancia muito grande sobre a necessidade de a empresa ter liberdade de lidar com uma vari\u00e1vel que \u00e9 fundamental para reduzir a d\u00edvida e fazer a virada. E, al\u00e9m disso, em condi\u00e7\u00f5es normais, operar como qualquer empresa. Como houve essa coincid\u00eancia de pontos de vista, estou muito tranquilo de que n\u00e3o haver\u00e1 uma liga\u00e7\u00e3o como essa vinda do presidente Michel Temer. No contexto dessa conversa, ele assegurou algumas condi\u00e7\u00f5es para a gest\u00e3o da Petrobras: a composi\u00e7\u00e3o da dire\u00e7\u00e3o e do conselho s\u00f3 com pessoas com perfil correto, com experi\u00eancia e integridade; e a outra, de que ele n\u00e3o vai tomar qualquer decis\u00e3o que n\u00e3o seja baseada na racionalidade econ\u00f4mica. Essas condi\u00e7\u00f5es que o presidente Temer assegurou nenhum outro presidente da Petrobras, em um passado recente, teve. E elas permitem que a gente fa\u00e7a o que precisa ser feito. E n\u00f3s vamos fazer.<\/p>\n<p>&nbsp;<\/p>\n<p><em>Infelizmente, essa \u00e9 a realidade do pa\u00eds. O que se diz \u00e9 muito diferente da pr\u00e1tica. O governo de Michel Temer, por sinal, tem sido pr\u00f3digo em falar uma coisa e fazer outra. Isso refor\u00e7a toda a fragilidade do emedebista, que precisa ceder a todas as press\u00f5es para continuar no cargo.<\/em><\/p>\n<p>&nbsp;<\/p>\n<p><em>Certamente, se houver uma terceira den\u00fancia contra o presidente, ele n\u00e3o ter\u00e1 for\u00e7a suficiente para se livrar, pois perdeu sua principal fonte de sustenta\u00e7\u00e3o, o Congresso. Candidato \u00e0 Presid\u00eancia da Rep\u00fablica, o deputado Rodrigo Maia (DEM-RJ), presidente da C\u00e2mara, decidiu partir para o embate com Temer.<\/em><\/p>\n<p>&nbsp;<\/p>\n<p><em> Nessa empreitada, Maia conta com o apoio do senador Eun\u00edcio Oliveira (MDB-CE), que busca a reelei\u00e7\u00e3o e quer, a todo custo, se descolar do governo. Eun\u00edcio est\u00e1 mais pr\u00f3ximo do que nunca do PT de Lula.<\/em><\/p>\n<p>&nbsp;<\/p>\n<p>Bras\u00edlia, 09h46min<\/p>\n","protected":false},"excerpt":{"rendered":"<p>Em dezembro de 2016, o presidente da Petrobras deu uma longa entrevista ao Correio. Fez quest\u00e3o, em v\u00e1rios momentos, de frisar que a empresa teria autonomia para fixar os pre\u00e7os dos combust\u00edveis. Foi o que se viu at\u00e9 a noite de quarta-feira (23\/05), quando a estatal anunciou redu\u00e7\u00e3o de 10% nos pre\u00e7os do diesel e [&hellip;]<\/p>\n","protected":false},"author":22,"featured_media":0,"comment_status":"open","ping_status":"closed","sticky":false,"template":"","format":"standard","meta":{"footnotes":""},"categories":[600],"tags":[3367,268,111,634,228,269,719],"class_list":["post-8109","post","type-post","status-publish","format-standard","hentry","category-economia","tag-diesel","tag-gasolina","tag-michel-temer","tag-pedro-parente","tag-petrobras","tag-preco","tag-reducao"],"_links":{"self":[{"href":"https:\/\/blogs.correiobraziliense.com.br\/vicente\/wp-json\/wp\/v2\/posts\/8109","targetHints":{"allow":["GET"]}}],"collection":[{"href":"https:\/\/blogs.correiobraziliense.com.br\/vicente\/wp-json\/wp\/v2\/posts"}],"about":[{"href":"https:\/\/blogs.correiobraziliense.com.br\/vicente\/wp-json\/wp\/v2\/types\/post"}],"author":[{"embeddable":true,"href":"https:\/\/blogs.correiobraziliense.com.br\/vicente\/wp-json\/wp\/v2\/users\/22"}],"replies":[{"embeddable":true,"href":"https:\/\/blogs.correiobraziliense.com.br\/vicente\/wp-json\/wp\/v2\/comments?post=8109"}],"version-history":[{"count":3,"href":"https:\/\/blogs.correiobraziliense.com.br\/vicente\/wp-json\/wp\/v2\/posts\/8109\/revisions"}],"predecessor-version":[{"id":8112,"href":"https:\/\/blogs.correiobraziliense.com.br\/vicente\/wp-json\/wp\/v2\/posts\/8109\/revisions\/8112"}],"wp:attachment":[{"href":"https:\/\/blogs.correiobraziliense.com.br\/vicente\/wp-json\/wp\/v2\/media?parent=8109"}],"wp:term":[{"taxonomy":"category","embeddable":true,"href":"https:\/\/blogs.correiobraziliense.com.br\/vicente\/wp-json\/wp\/v2\/categories?post=8109"},{"taxonomy":"post_tag","embeddable":true,"href":"https:\/\/blogs.correiobraziliense.com.br\/vicente\/wp-json\/wp\/v2\/tags?post=8109"}],"curies":[{"name":"wp","href":"https:\/\/api.w.org\/{rel}","templated":true}]}}