{"id":8102,"date":"2018-05-23T19:24:57","date_gmt":"2018-05-23T22:24:57","guid":{"rendered":"https:\/\/blogs.correiobraziliense.com.br\/vicente\/?p=8102"},"modified":"2018-05-23T19:24:57","modified_gmt":"2018-05-23T22:24:57","slug":"projeto-de-reoneracao-vai-prever-corte-de-pis-cofins-sobre-diesel-diz-relator","status":"publish","type":"post","link":"https:\/\/blogs.correiobraziliense.com.br\/vicente\/projeto-de-reoneracao-vai-prever-corte-de-pis-cofins-sobre-diesel-diz-relator\/","title":{"rendered":"Projeto de reonera\u00e7\u00e3o vai prever corte de PIS-Cofins sobre diesel, diz relator"},"content":{"rendered":"<h2>HAMILTON FERRARI<\/h2>\n<h2>O relator do projeto de lei de reonera\u00e7\u00e3o da folha de pagamento, deputado Orlando Silva (PCdoB-SP), disse que vai incluir no texto um corte nas al\u00edquotas do PIS-Cofins sobre o diesel. \u201cN\u00f3s estamos avaliando como n\u00f3s vamos cortar, se vamos zerar o PIS-Cofins para o diesel ou se vamos manter em 50% do que est\u00e1 previsto hoje\u201d, disse o parlamentar.<\/h2>\n<h2><\/h2>\n<p>Atualmente, a al\u00edquota do tributo \u00e9 de R$ 0,4615 para cada litro. Se for cortada \u00e0 metade, cair\u00e1 para R$ 0,2307 por litro. O deputado se encontrou na noite desta quarta-feira (23\/5) com o secret\u00e1rio da Receita Federal, Jorge Rachid, para tratar sobre o tema.<\/p>\n<p>&nbsp;<\/p>\n<p>De acordo com ele, o projeto de reonera\u00e7\u00e3o ser\u00e1 votado ainda na noite desta quarta. O governo queria que seis setores continuassem sendo beneficiados com a desonera\u00e7\u00e3o, mas o relator disse que, para aprovar o projeto, ter\u00e1 que incluir mais. \u201cVai ter que crescer o n\u00famero de setores\u201d, alegou. \u201cFicar em torno de 25\u201d, completou.<\/p>\n<p>&nbsp;<\/p>\n<p>Perguntado qual ser\u00e1 o ganho fiscal para o governo, o parlamentar declarou que a Receita Federal que \u201ctem a conta\u201d. \u201cPelo menos R$ 3 bilh\u00f5es (por ano) est\u00e1 garantido, segundo a avalia\u00e7\u00e3o do secret\u00e1rio (Rachid) com base no relat\u00f3rio que n\u00f3s apresentamos para ele\u201d, afirmou.<\/p>\n<p>&nbsp;<\/p>\n<p>O parlamentar seguiu para a C\u00e2mara dos Deputados, que deve votar o projeto de lei ainda nesta quarta.<\/p>\n<p>&nbsp;<\/p>\n<p><em>Bras\u00edlia, 19h23min<\/em><\/p>\n","protected":false},"excerpt":{"rendered":"<p>HAMILTON FERRARI O relator do projeto de lei de reonera\u00e7\u00e3o da folha de pagamento, deputado Orlando Silva (PCdoB-SP), disse que vai incluir no texto um corte nas al\u00edquotas do PIS-Cofins sobre o diesel. \u201cN\u00f3s estamos avaliando como n\u00f3s vamos cortar, se vamos zerar o PIS-Cofins para o diesel ou se vamos manter em 50% do [&hellip;]<\/p>\n","protected":false},"author":22,"featured_media":0,"comment_status":"open","ping_status":"closed","sticky":false,"template":"","format":"standard","meta":{"footnotes":""},"categories":[600],"tags":[3393,3221,2657,2103],"class_list":["post-8102","post","type-post","status-publish","format-standard","hentry","category-economia","tag-orlando-silva","tag-pis-cofins","tag-projeto","tag-reoneracao"],"_links":{"self":[{"href":"https:\/\/blogs.correiobraziliense.com.br\/vicente\/wp-json\/wp\/v2\/posts\/8102","targetHints":{"allow":["GET"]}}],"collection":[{"href":"https:\/\/blogs.correiobraziliense.com.br\/vicente\/wp-json\/wp\/v2\/posts"}],"about":[{"href":"https:\/\/blogs.correiobraziliense.com.br\/vicente\/wp-json\/wp\/v2\/types\/post"}],"author":[{"embeddable":true,"href":"https:\/\/blogs.correiobraziliense.com.br\/vicente\/wp-json\/wp\/v2\/users\/22"}],"replies":[{"embeddable":true,"href":"https:\/\/blogs.correiobraziliense.com.br\/vicente\/wp-json\/wp\/v2\/comments?post=8102"}],"version-history":[{"count":2,"href":"https:\/\/blogs.correiobraziliense.com.br\/vicente\/wp-json\/wp\/v2\/posts\/8102\/revisions"}],"predecessor-version":[{"id":8104,"href":"https:\/\/blogs.correiobraziliense.com.br\/vicente\/wp-json\/wp\/v2\/posts\/8102\/revisions\/8104"}],"wp:attachment":[{"href":"https:\/\/blogs.correiobraziliense.com.br\/vicente\/wp-json\/wp\/v2\/media?parent=8102"}],"wp:term":[{"taxonomy":"category","embeddable":true,"href":"https:\/\/blogs.correiobraziliense.com.br\/vicente\/wp-json\/wp\/v2\/categories?post=8102"},{"taxonomy":"post_tag","embeddable":true,"href":"https:\/\/blogs.correiobraziliense.com.br\/vicente\/wp-json\/wp\/v2\/tags?post=8102"}],"curies":[{"name":"wp","href":"https:\/\/api.w.org\/{rel}","templated":true}]}}