{"id":8101,"date":"2018-05-23T19:38:22","date_gmt":"2018-05-23T22:38:22","guid":{"rendered":"https:\/\/blogs.correiobraziliense.com.br\/vicente\/?p=8101"},"modified":"2018-05-23T22:22:14","modified_gmt":"2018-05-24T01:22:14","slug":"uber-cancela-desconto-nos-precos-de-combustiveis-dado-motoristas","status":"publish","type":"post","link":"https:\/\/blogs.correiobraziliense.com.br\/vicente\/uber-cancela-desconto-nos-precos-de-combustiveis-dado-motoristas\/","title":{"rendered":"Uber cancela desconto nos pre\u00e7os de combust\u00edveis dado a motoristas"},"content":{"rendered":"<h2>LU\u00cdS NOVA<\/h2>\n<h2><\/h2>\n<h2>A crise dos combust\u00edveis n\u00e3o para de fazer estragos na economia. O servi\u00e7o de aplicativo Uber cancelou, na noite desta quarta-feira (23\/05), os benef\u00edcios de desconto no pre\u00e7o da gasolina aos motoristas mais bem avaliados pela clientela. Em uma mensagem a seus credenciados, a empresa informa que o motivo da interrup\u00e7\u00e3o \u00e9 a greve dos caminhoneiros que afeta todo o Brasil.<\/h2>\n<p>&nbsp;<\/p>\n<p><a href=\"https:\/\/blogs.correiobraziliense.com.br\/vicente\/wp-content\/uploads\/sites\/16\/2018\/05\/UberCombust\u00edveis.jpg\" rel=\"attachment wp-att-8105\"><img loading=\"lazy\" decoding=\"async\" class=\"alignnone size-large wp-image-8105\" src=\"https:\/\/blogs.correiobraziliense.com.br\/vicente\/wp-content\/uploads\/sites\/16\/2018\/05\/UberCombust\u00edveis-1024x768.jpg\" alt=\"UberCombust\u00edveis\" width=\"1024\" height=\"768\" srcset=\"https:\/\/blogs.correiobraziliense.com.br\/vicente\/wp-content\/uploads\/sites\/16\/2018\/05\/UberCombust\u00edveis-1024x768.jpg 1024w, https:\/\/blogs.correiobraziliense.com.br\/vicente\/wp-content\/uploads\/sites\/16\/2018\/05\/UberCombust\u00edveis-300x225.jpg 300w, https:\/\/blogs.correiobraziliense.com.br\/vicente\/wp-content\/uploads\/sites\/16\/2018\/05\/UberCombust\u00edveis-768x576.jpg 768w, https:\/\/blogs.correiobraziliense.com.br\/vicente\/wp-content\/uploads\/sites\/16\/2018\/05\/UberCombust\u00edveis-350x263.jpg 350w, https:\/\/blogs.correiobraziliense.com.br\/vicente\/wp-content\/uploads\/sites\/16\/2018\/05\/UberCombust\u00edveis-550x413.jpg 550w, https:\/\/blogs.correiobraziliense.com.br\/vicente\/wp-content\/uploads\/sites\/16\/2018\/05\/UberCombust\u00edveis-230x173.jpg 230w, https:\/\/blogs.correiobraziliense.com.br\/vicente\/wp-content\/uploads\/sites\/16\/2018\/05\/UberCombust\u00edveis.jpg 1280w\" sizes=\"auto, (max-width: 1024px) 100vw, 1024px\" \/><\/a><\/p>\n<p>&nbsp;<\/p>\n<p>Hoje, por exemplo, os motoristas eleitos pelo Uber estavam obtendo desconto m\u00e9dio de R$ 0,30 por litro. Houve caso de motoristas que abasteceram os carros pela manh\u00e3 e pagaram R$ 4,11 por litro de gasolina, quando o pre\u00e7o real nas bombas era de R$ 4,41.<\/p>\n<p>&nbsp;<\/p>\n<p>A mensagem sobre a suspens\u00e3o do desconto foi enviada por meio de SMS aos parceiros. O susto foi grande. Muitos motoristas dizem que, com a gasolina nos atuais pre\u00e7os, n\u00e3o ter\u00e3o condi\u00e7\u00f5es de continuarem rodando. Eles j\u00e1 vinham reclamando h\u00e1 tempos da carestia dos combust\u00edveis, sobretudo porque o Uber n\u00e3o corrige a tabela de pre\u00e7os das corridas h\u00e1 tr\u00eas anos.<\/p>\n<p>&nbsp;<\/p>\n<p>Um motorista, que preferiu n\u00e3o se identificar, est\u00e1 desesperado. &#8220;\u00c9 a \u00fanica renda que tenho, e esse desconto me dava um lucro extra. Paguei R$ 4,11 hoje pela manh\u00e3 e n\u00e3o sei o que me espera quando for abastecer&#8221;, lamenta. Ele acredita que os clientes tamb\u00e9m v\u00e3o pensar duas vezes antes de acionarem os aplicativos.<\/p>\n<p>&nbsp;<\/p>\n<p>&#8220;A tend\u00eancia \u00e9 de que mais pessoas troquem o Uber por \u00f4nibus ou metr\u00f4&#8221;, afirma outro motorista. Ele pede que o governo resolva essa quest\u00e3o r\u00e1pido. J\u00e1 h\u00e1 postos vendendo gasolina por quase R$ 5 no Distrito Federal. \u00c9 grande o medo de falta de combust\u00edveis nos pr\u00f3ximos dias, caso a greve dos caminhoneiros se estenda por mais dias.<\/p>\n<p>&nbsp;<\/p>\n<p>Bras\u00edlia,<\/p>\n","protected":false},"excerpt":{"rendered":"<p>LU\u00cdS NOVA A crise dos combust\u00edveis n\u00e3o para de fazer estragos na economia. O servi\u00e7o de aplicativo Uber cancelou, na noite desta quarta-feira (23\/05), os benef\u00edcios de desconto no pre\u00e7o da gasolina aos motoristas mais bem avaliados pela clientela. Em uma mensagem a seus credenciados, a empresa informa que o motivo da interrup\u00e7\u00e3o \u00e9 a [&hellip;]<\/p>\n","protected":false},"author":22,"featured_media":0,"comment_status":"open","ping_status":"closed","sticky":false,"template":"","format":"standard","meta":{"footnotes":""},"categories":[600],"tags":[2988,268,2978,973],"class_list":["post-8101","post","type-post","status-publish","format-standard","hentry","category-economia","tag-desconto","tag-gasolina","tag-motoristas","tag-uber"],"_links":{"self":[{"href":"https:\/\/blogs.correiobraziliense.com.br\/vicente\/wp-json\/wp\/v2\/posts\/8101","targetHints":{"allow":["GET"]}}],"collection":[{"href":"https:\/\/blogs.correiobraziliense.com.br\/vicente\/wp-json\/wp\/v2\/posts"}],"about":[{"href":"https:\/\/blogs.correiobraziliense.com.br\/vicente\/wp-json\/wp\/v2\/types\/post"}],"author":[{"embeddable":true,"href":"https:\/\/blogs.correiobraziliense.com.br\/vicente\/wp-json\/wp\/v2\/users\/22"}],"replies":[{"embeddable":true,"href":"https:\/\/blogs.correiobraziliense.com.br\/vicente\/wp-json\/wp\/v2\/comments?post=8101"}],"version-history":[{"count":1,"href":"https:\/\/blogs.correiobraziliense.com.br\/vicente\/wp-json\/wp\/v2\/posts\/8101\/revisions"}],"predecessor-version":[{"id":8106,"href":"https:\/\/blogs.correiobraziliense.com.br\/vicente\/wp-json\/wp\/v2\/posts\/8101\/revisions\/8106"}],"wp:attachment":[{"href":"https:\/\/blogs.correiobraziliense.com.br\/vicente\/wp-json\/wp\/v2\/media?parent=8101"}],"wp:term":[{"taxonomy":"category","embeddable":true,"href":"https:\/\/blogs.correiobraziliense.com.br\/vicente\/wp-json\/wp\/v2\/categories?post=8101"},{"taxonomy":"post_tag","embeddable":true,"href":"https:\/\/blogs.correiobraziliense.com.br\/vicente\/wp-json\/wp\/v2\/tags?post=8101"}],"curies":[{"name":"wp","href":"https:\/\/api.w.org\/{rel}","templated":true}]}}