{"id":8080,"date":"2018-05-23T11:03:02","date_gmt":"2018-05-23T14:03:02","guid":{"rendered":"https:\/\/blogs.correiobraziliense.com.br\/vicente\/?p=8080"},"modified":"2018-05-23T12:26:44","modified_gmt":"2018-05-23T15:26:44","slug":"petrobras-reduz-precos-mas-nos-postos-gasolina-vai-r-478","status":"publish","type":"post","link":"https:\/\/blogs.correiobraziliense.com.br\/vicente\/petrobras-reduz-precos-mas-nos-postos-gasolina-vai-r-478\/","title":{"rendered":"Petrobras reduz pre\u00e7os, mas, nos postos, gasolina vai a R$ 4,78"},"content":{"rendered":"<h2>A Petrobras anunciou, nesta quarta-feira (23\/05), a segunda queda consecutiva nos pre\u00e7os dos combust\u00edveis nas refinarias, mas os postos elevaram os valores cobrados nas bombas, punindo os consumidores. Nos postos do Setor de Ind\u00fastrias Gr\u00e1ficas (SIG), o litro da gasolina ficou R$ 0,23 mais caro da noite para o dia. Passou de R$ 4,459 para R$ 4,789.<\/h2>\n<p>&nbsp;<\/p>\n<p><a href=\"https:\/\/blogs.correiobraziliense.com.br\/vicente\/wp-content\/uploads\/sites\/16\/2018\/05\/Gasolina478.jpg\" rel=\"attachment wp-att-8087\"><img loading=\"lazy\" decoding=\"async\" class=\"alignnone size-large wp-image-8087\" src=\"https:\/\/blogs.correiobraziliense.com.br\/vicente\/wp-content\/uploads\/sites\/16\/2018\/05\/Gasolina478-768x1024.jpg\" alt=\"Gasolina478\" width=\"768\" height=\"1024\" srcset=\"https:\/\/blogs.correiobraziliense.com.br\/vicente\/wp-content\/uploads\/sites\/16\/2018\/05\/Gasolina478-768x1024.jpg 768w, https:\/\/blogs.correiobraziliense.com.br\/vicente\/wp-content\/uploads\/sites\/16\/2018\/05\/Gasolina478-225x300.jpg 225w, https:\/\/blogs.correiobraziliense.com.br\/vicente\/wp-content\/uploads\/sites\/16\/2018\/05\/Gasolina478-263x350.jpg 263w, https:\/\/blogs.correiobraziliense.com.br\/vicente\/wp-content\/uploads\/sites\/16\/2018\/05\/Gasolina478-550x733.jpg 550w, https:\/\/blogs.correiobraziliense.com.br\/vicente\/wp-content\/uploads\/sites\/16\/2018\/05\/Gasolina478-230x307.jpg 230w, https:\/\/blogs.correiobraziliense.com.br\/vicente\/wp-content\/uploads\/sites\/16\/2018\/05\/Gasolina478.jpg 960w\" sizes=\"auto, (max-width: 768px) 100vw, 768px\" \/><\/a><\/p>\n<p>&nbsp;<\/p>\n<p>Segundo especialistas, os postos est\u00e3o aproveitando os momentos de turbul\u00eancia para ampliar as margens de lucro. Como a fiscaliza\u00e7\u00e3o da Ag\u00eancia Nacional de Petr\u00f3leo (ANP) \u00e9 deficiente, os donos de postos se sentem confort\u00e1veis para meter a m\u00e3o no bolso dos motoristas.<\/p>\n<p>&nbsp;<\/p>\n<p>&#8220;Estou indignado&#8221;, diz o comerciante Jo\u00e3o dos Santos, 47 anos. &#8220;O que est\u00e3o fazendo com os pre\u00e7os dos combust\u00edveis \u00e9 uma vergonha. A Petrobras faz o que quer, os postos fazem o que querem. Ningu\u00e9m se preocupa com os consumidores&#8221;, acrescenta. Para ele, o governo tem que acompanhar mais de perto o que est\u00e1 acontecendo.<\/p>\n<p>&nbsp;<\/p>\n<p>Na avalia\u00e7\u00e3o da servidora Cilene Soares, 42, o governo s\u00f3 est\u00e1 se movimentando agora em rela\u00e7\u00e3o aos abusos no mercado de combust\u00edveis porque tem interesses pol\u00edticos, as elei\u00e7\u00f5es est\u00e3o chegando. Tamb\u00e9m se sentiu amea\u00e7ado pela crise que pode ser criada pela greve dos caminhoneiros. &#8220;Enfim, o governo s\u00f3 age em situa\u00e7\u00f5es limites&#8221;, ressalta.<\/p>\n<p>&nbsp;<\/p>\n<p>Segundo o m\u00e9dico Get\u00falio Santana, 51, do jeito que as coisas est\u00e3o descontroladas, mesmo que o governo reduza impostos com o intuito de diminuir o valor dos combust\u00edveis nas bombas, nada garante que os consumidores ser\u00e3o beneficiados. &#8220;A Petrobras reduz pre\u00e7os, mas a gasolina sobe nos postos. O mesmo deve ocorrer se houver diminui\u00e7\u00e3o de impostos&#8221;, acredita.<\/p>\n<p>&nbsp;<\/p>\n<p>No governo, o clima \u00e9 de apreens\u00e3o. A avalia\u00e7\u00e3o que se faz \u00e9 que a crise dos combust\u00edveis vai destruir de vez a imagem do presidente Michel Temer. Ser\u00e1 dif\u00edcil convencer a popula\u00e7\u00e3o que os combust\u00edveis est\u00e3o ficando mais caros por causa da alta do petr\u00f3leo no mercado internacional e da valoriza\u00e7\u00e3o do d\u00f3lar. &#8220;Isso n\u00e3o entra na cabe\u00e7a dos consumidores&#8221;, reconhece um assessor do Pal\u00e1cio do Planalto.<\/p>\n<p>&nbsp;<\/p>\n<p><em>Bras\u00edlia, 11h03min<\/em><\/p>\n","protected":false},"excerpt":{"rendered":"<p>A Petrobras anunciou, nesta quarta-feira (23\/05), a segunda queda consecutiva nos pre\u00e7os dos combust\u00edveis nas refinarias, mas os postos elevaram os valores cobrados nas bombas, punindo os consumidores. Nos postos do Setor de Ind\u00fastrias Gr\u00e1ficas (SIG), o litro da gasolina ficou R$ 0,23 mais caro da noite para o dia. Passou de R$ 4,459 para [&hellip;]<\/p>\n","protected":false},"author":22,"featured_media":0,"comment_status":"open","ping_status":"closed","sticky":false,"template":"","format":"standard","meta":{"footnotes":""},"categories":[600],"tags":[850,3391,3390,998,268,228,1961,390],"class_list":["post-8080","post","type-post","status-publish","format-standard","hentry","category-economia","tag-alta","tag-baixa","tag-caminhoneiros","tag-combustiveis","tag-gasolina","tag-petrobras","tag-postos","tag-precos"],"_links":{"self":[{"href":"https:\/\/blogs.correiobraziliense.com.br\/vicente\/wp-json\/wp\/v2\/posts\/8080","targetHints":{"allow":["GET"]}}],"collection":[{"href":"https:\/\/blogs.correiobraziliense.com.br\/vicente\/wp-json\/wp\/v2\/posts"}],"about":[{"href":"https:\/\/blogs.correiobraziliense.com.br\/vicente\/wp-json\/wp\/v2\/types\/post"}],"author":[{"embeddable":true,"href":"https:\/\/blogs.correiobraziliense.com.br\/vicente\/wp-json\/wp\/v2\/users\/22"}],"replies":[{"embeddable":true,"href":"https:\/\/blogs.correiobraziliense.com.br\/vicente\/wp-json\/wp\/v2\/comments?post=8080"}],"version-history":[{"count":2,"href":"https:\/\/blogs.correiobraziliense.com.br\/vicente\/wp-json\/wp\/v2\/posts\/8080\/revisions"}],"predecessor-version":[{"id":8088,"href":"https:\/\/blogs.correiobraziliense.com.br\/vicente\/wp-json\/wp\/v2\/posts\/8080\/revisions\/8088"}],"wp:attachment":[{"href":"https:\/\/blogs.correiobraziliense.com.br\/vicente\/wp-json\/wp\/v2\/media?parent=8080"}],"wp:term":[{"taxonomy":"category","embeddable":true,"href":"https:\/\/blogs.correiobraziliense.com.br\/vicente\/wp-json\/wp\/v2\/categories?post=8080"},{"taxonomy":"post_tag","embeddable":true,"href":"https:\/\/blogs.correiobraziliense.com.br\/vicente\/wp-json\/wp\/v2\/tags?post=8080"}],"curies":[{"name":"wp","href":"https:\/\/api.w.org\/{rel}","templated":true}]}}