{"id":8069,"date":"2018-05-22T11:53:57","date_gmt":"2018-05-22T14:53:57","guid":{"rendered":"https:\/\/blogs.correiobraziliense.com.br\/vicente\/?p=8069"},"modified":"2018-05-22T12:37:25","modified_gmt":"2018-05-22T15:37:25","slug":"guardia-diz-que-espaco-e-muito-reduzido-para-diminuicao-de-tributos","status":"publish","type":"post","link":"https:\/\/blogs.correiobraziliense.com.br\/vicente\/guardia-diz-que-espaco-e-muito-reduzido-para-diminuicao-de-tributos\/","title":{"rendered":"Guardia diz que espa\u00e7o \u00e9 &#8220;muito reduzido&#8221; para diminui\u00e7\u00e3o de tributos"},"content":{"rendered":"<h2>HAMILTON FERRARI<\/h2>\n<h2>O ministro da Fazenda, Eduardo Guardia, afirmou que o espa\u00e7o fiscal para a diminui\u00e7\u00e3o de tributos sobre os combust\u00edveis \u00e9 &#8220;muito reduzido&#8221; e garantiu que nenhuma decis\u00e3o foi tomada at\u00e9 ent\u00e3o.<\/h2>\n<h2><\/h2>\n<p>As declara\u00e7\u00f5es foram dadas de pois de uma reuni\u00e3o que ocorreu entre ele, o ministro de Minas e Energia, Moreira Franco, e o presidente da Petrobras, Pedro Parente.\u00a0Ao sair do encontro, ele alegou que s\u00f3 faria uma &#8220;declara\u00e7\u00e3o r\u00e1pida&#8221; sobre o tema.<\/p>\n<p>&nbsp;<\/p>\n<p>&#8220;N\u00f3s tivemos uma reuni\u00e3o hoje com o presidente da Petrobras. N\u00e3o h\u00e1 nenhuma decis\u00e3o tomada sobre esse tema. Em nenhum momento o governo solicitou a Petrobras que alterasse a sua pol\u00edtica de pre\u00e7os&#8221;, disse.<\/p>\n<p>&nbsp;<\/p>\n<p>Parente j\u00e1 tinha garantido mais cedo que a metodologia de precifica\u00e7\u00e3o da estatal se manter\u00e1 intacta.\u00a0<span style=\"font-weight: 400\">\u201cNa abertura da reuni\u00e3o foi logo esclarecido que, de maneira nenhuma, o objetivo seria o governo pedir qualquer mudan\u00e7a na pol\u00edtica de pre\u00e7os da Petrobras\u201d, alegou o presidente da Petrobras anteriormente.\u00a0<\/span><\/p>\n<p>&nbsp;<\/p>\n<p>O ministro da Fazenda refor\u00e7ou: &#8220;n\u00f3s n\u00e3o pedimos isso \u00e0 Petrobras, apenas solicitamos ao Pedro Parente que viesse para dar mais informa\u00e7\u00f5es sobre esse tema. E assim que tiver uma decis\u00e3o n\u00f3s vamos comunicar&#8221;, pontuou.<\/p>\n<p>&nbsp;<\/p>\n<p>Guardia n\u00e3o soube dizer se alguma medida ser\u00e1 divulgada ainda nesta ter\u00e7a-feira (22\/5). Perguntado se iria se encontrar com o presidente da C\u00e2mara, deputado Rodrigo Maia (DEM-RJ), ele declarou: &#8220;Vou trabalhar&#8221;.<\/p>\n<p>&nbsp;<\/p>\n<p>Durante a apresenta\u00e7\u00e3o do relat\u00f3rio bimestral de receitas e despesas, o ministro do Planejamento, Esteves Colnago, apontou que h\u00e1 &#8220;v\u00e1rios riscos fiscais&#8221;. &#8220;Raz\u00e3o pela qual estamos mantendo contingenciamento de R$ 9 bilh\u00f5es. Ent\u00e3o, n\u00f3s vemos muito pouco espa\u00e7o para uma redu\u00e7\u00e3o tribut\u00e1ria&#8221;, alegou durante a coletiva de imprensa.<\/p>\n<p>&nbsp;<\/p>\n<p><em>Bras\u00edlia, 11h51min<\/em><\/p>\n","protected":false},"excerpt":{"rendered":"<p>HAMILTON FERRARI O ministro da Fazenda, Eduardo Guardia, afirmou que o espa\u00e7o fiscal para a diminui\u00e7\u00e3o de tributos sobre os combust\u00edveis \u00e9 &#8220;muito reduzido&#8221; e garantiu que nenhuma decis\u00e3o foi tomada at\u00e9 ent\u00e3o. As declara\u00e7\u00f5es foram dadas de pois de uma reuni\u00e3o que ocorreu entre ele, o ministro de Minas e Energia, Moreira Franco, e [&hellip;]<\/p>\n","protected":false},"author":22,"featured_media":0,"comment_status":"open","ping_status":"closed","sticky":false,"template":"","format":"standard","meta":{"footnotes":""},"categories":[600],"tags":[998,3252,19,390,574],"class_list":["post-8069","post","type-post","status-publish","format-standard","hentry","category-economia","tag-combustiveis","tag-guardia","tag-ministerio-da-fazenda","tag-precos","tag-tributos"],"_links":{"self":[{"href":"https:\/\/blogs.correiobraziliense.com.br\/vicente\/wp-json\/wp\/v2\/posts\/8069","targetHints":{"allow":["GET"]}}],"collection":[{"href":"https:\/\/blogs.correiobraziliense.com.br\/vicente\/wp-json\/wp\/v2\/posts"}],"about":[{"href":"https:\/\/blogs.correiobraziliense.com.br\/vicente\/wp-json\/wp\/v2\/types\/post"}],"author":[{"embeddable":true,"href":"https:\/\/blogs.correiobraziliense.com.br\/vicente\/wp-json\/wp\/v2\/users\/22"}],"replies":[{"embeddable":true,"href":"https:\/\/blogs.correiobraziliense.com.br\/vicente\/wp-json\/wp\/v2\/comments?post=8069"}],"version-history":[{"count":3,"href":"https:\/\/blogs.correiobraziliense.com.br\/vicente\/wp-json\/wp\/v2\/posts\/8069\/revisions"}],"predecessor-version":[{"id":8071,"href":"https:\/\/blogs.correiobraziliense.com.br\/vicente\/wp-json\/wp\/v2\/posts\/8069\/revisions\/8071"}],"wp:attachment":[{"href":"https:\/\/blogs.correiobraziliense.com.br\/vicente\/wp-json\/wp\/v2\/media?parent=8069"}],"wp:term":[{"taxonomy":"category","embeddable":true,"href":"https:\/\/blogs.correiobraziliense.com.br\/vicente\/wp-json\/wp\/v2\/categories?post=8069"},{"taxonomy":"post_tag","embeddable":true,"href":"https:\/\/blogs.correiobraziliense.com.br\/vicente\/wp-json\/wp\/v2\/tags?post=8069"}],"curies":[{"name":"wp","href":"https:\/\/api.w.org\/{rel}","templated":true}]}}