{"id":8064,"date":"2018-05-22T11:37:29","date_gmt":"2018-05-22T14:37:29","guid":{"rendered":"https:\/\/blogs.correiobraziliense.com.br\/vicente\/?p=8064"},"modified":"2018-05-22T11:37:29","modified_gmt":"2018-05-22T14:37:29","slug":"presidente-da-caixa-diz-desconhecer-debate-sobre-mudanca-no-estatuto","status":"publish","type":"post","link":"https:\/\/blogs.correiobraziliense.com.br\/vicente\/presidente-da-caixa-diz-desconhecer-debate-sobre-mudanca-no-estatuto\/","title":{"rendered":"Presidente da Caixa diz desconhecer debate sobre mudan\u00e7a no estatuto"},"content":{"rendered":"<p>POR ANTONIO TEM\u00d3TEO<\/p>\n<p>&nbsp;<\/p>\n<p>O presidente da Caixa Econ\u00f4mica Federal, Nelson Souza, afirmou ao <strong>Blog<\/strong> que n\u00e3o tem conhecimento sobre o debate no conselho de administra\u00e7\u00e3o para acabar com a prerrogativa de que empregados do banco p\u00fablico ocupem diretorias-executivas, a diretoria jur\u00eddica e o posto de auditoria-chefe. A mudan\u00e7a depende de altera\u00e7\u00e3o estatut\u00e1ria.<\/p>\n<p>&nbsp;<\/p>\n<p>Souza \u00e9 membro do colegiado, presidido pela secret\u00e1ria-executiva do Minist\u00e9rio da Fazenda, Ana Paula Vescovi. A Caixa tem 20 diretores executivos, um jur\u00eddico, e cada um deles t\u00eam remunera\u00e7\u00e3o mensal de R$ 45.356,65. O contracheque pode ser turbinado, no ano, em at\u00e9 R$ 238.645,78, caso tenham \u00eaxito em cumprir as metas de desempenho.<\/p>\n<p>&nbsp;<\/p>\n<p>Quem ocupa esses postos ainda recebe anualmente R$ 107.995 em benef\u00edcios como aux\u00edlio-alimenta\u00e7\u00e3o, aux\u00edlio-moradia, plano de sa\u00fade e contribui\u00e7\u00f5es para a Funcef, o fundo de pens\u00e3o dos empregados do banco. Diversas entidades que representam empregados da Caixa j\u00e1 se manifestaram de maneira contr\u00e1ria e informaram que tentar\u00e3o barrar a medida.<\/p>\n","protected":false},"excerpt":{"rendered":"<p>POR ANTONIO TEM\u00d3TEO &nbsp; O presidente da Caixa Econ\u00f4mica Federal, Nelson Souza, afirmou ao Blog que n\u00e3o tem conhecimento sobre o debate no conselho de administra\u00e7\u00e3o para acabar com a prerrogativa de que empregados do banco p\u00fablico ocupem diretorias-executivas, a diretoria jur\u00eddica e o posto de auditoria-chefe. A mudan\u00e7a depende de altera\u00e7\u00e3o estatut\u00e1ria. &nbsp; Souza [&hellip;]<\/p>\n","protected":false},"author":22,"featured_media":0,"comment_status":"open","ping_status":"closed","sticky":false,"template":"","format":"standard","meta":{"footnotes":""},"categories":[600],"tags":[3383,110,115,1669,261,3382,376,3363],"class_list":["post-8064","post","type-post","status-publish","format-standard","hentry","category-economia","tag-auditor-chefe","tag-caixa","tag-caixa-economica-federal","tag-conselho-de-administracao","tag-diretoria-executiva","tag-diretoria-juridica","tag-empregados","tag-estatuto"],"_links":{"self":[{"href":"https:\/\/blogs.correiobraziliense.com.br\/vicente\/wp-json\/wp\/v2\/posts\/8064","targetHints":{"allow":["GET"]}}],"collection":[{"href":"https:\/\/blogs.correiobraziliense.com.br\/vicente\/wp-json\/wp\/v2\/posts"}],"about":[{"href":"https:\/\/blogs.correiobraziliense.com.br\/vicente\/wp-json\/wp\/v2\/types\/post"}],"author":[{"embeddable":true,"href":"https:\/\/blogs.correiobraziliense.com.br\/vicente\/wp-json\/wp\/v2\/users\/22"}],"replies":[{"embeddable":true,"href":"https:\/\/blogs.correiobraziliense.com.br\/vicente\/wp-json\/wp\/v2\/comments?post=8064"}],"version-history":[{"count":1,"href":"https:\/\/blogs.correiobraziliense.com.br\/vicente\/wp-json\/wp\/v2\/posts\/8064\/revisions"}],"predecessor-version":[{"id":8068,"href":"https:\/\/blogs.correiobraziliense.com.br\/vicente\/wp-json\/wp\/v2\/posts\/8064\/revisions\/8068"}],"wp:attachment":[{"href":"https:\/\/blogs.correiobraziliense.com.br\/vicente\/wp-json\/wp\/v2\/media?parent=8064"}],"wp:term":[{"taxonomy":"category","embeddable":true,"href":"https:\/\/blogs.correiobraziliense.com.br\/vicente\/wp-json\/wp\/v2\/categories?post=8064"},{"taxonomy":"post_tag","embeddable":true,"href":"https:\/\/blogs.correiobraziliense.com.br\/vicente\/wp-json\/wp\/v2\/tags?post=8064"}],"curies":[{"name":"wp","href":"https:\/\/api.w.org\/{rel}","templated":true}]}}