{"id":8057,"date":"2018-05-22T11:05:18","date_gmt":"2018-05-22T14:05:18","guid":{"rendered":"https:\/\/blogs.correiobraziliense.com.br\/vicente\/?p=8057"},"modified":"2018-05-22T12:36:04","modified_gmt":"2018-05-22T15:36:04","slug":"petrobras-reduz-preco-dos-combustiveis-parente-diz-que-nao-foi-intervencao","status":"publish","type":"post","link":"https:\/\/blogs.correiobraziliense.com.br\/vicente\/petrobras-reduz-preco-dos-combustiveis-parente-diz-que-nao-foi-intervencao\/","title":{"rendered":"Petrobras reduz pre\u00e7o dos combust\u00edveis. Parente diz que n\u00e3o foi interven\u00e7\u00e3o"},"content":{"rendered":"<h2>HAMILTON FERRARI<\/h2>\n<h2><\/h2>\n<h2>Em meio \u00e0 press\u00e3o do governo para que os pre\u00e7os dos combust\u00edveis sejam reduzidos, a Petrobras anunciou que baixar\u00e1 os valores do diesel e da gasolina nas refinarias a partir desta quarta-feira (23\/05). Segundo o presidente da estatal, Pedro Parente, n\u00e3o houve interven\u00e7\u00e3o do Pal\u00e1cio do Planalto na medida. Os pre\u00e7os, garante ele, ca\u00edram porque o d\u00f3lar recuou ap\u00f3s interven\u00e7\u00e3o do Banco Central no mercado de c\u00e2mbio.<\/h2>\n<p>&nbsp;<\/p>\n<p>A redu\u00e7\u00e3o dos pre\u00e7os dos combust\u00edveis foi feita pela Petrobras por meio de um comunicado ao mercado. Assim que tomaram conhecimento, os investidores derrubaram os pre\u00e7os das a\u00e7\u00f5es da companhia na Bolsa de Valores. Eles temem que se repita com a Petrobras o que ocorreu no governo de Dilma Rousseff.<\/p>\n<p>&nbsp;<\/p>\n<p>Conforme o comunicado da petroleira, o\u00a0diesel ser\u00e1 reduzido em 1,54%, para R$ 2,3351 por litro nas refinarias. \u00c9 a primeira redu\u00e7\u00e3o desde 12 de maio. J\u00e1 a gasolina ficar\u00e1 2,08% mais barata, vendida nas refinarias a R$ 2,0433 por litro, a primeira redu\u00e7\u00e3o desde 3 de maio.<\/p>\n<p>&nbsp;<\/p>\n<p>Logo ap\u00f3s reuni\u00e3o no Minist\u00e9rio da Fazenda nesta ter\u00e7a-feira (22\/05), Pedro Parente garantiu que n\u00e3o haver\u00e1 mudan\u00e7a na pol\u00edtica de pre\u00e7os de combust\u00edveis da estatal. De acordo com ele, o governo federal convocou uma reuni\u00e3o t\u00e9cnica sobre o tema para obter informa\u00e7\u00f5es sobre a \u201cdin\u00e2mica de mercado\u201d.\u00a0Participaram do encontro os ministros da pasta, Eduardo Guardia, e de Minas e Energia, Moreira Franco. \u201cNa abertura da reuni\u00e3o foi logo esclarecido que, de maneira nenhuma, o objetivo seria o governo pedir qualquer mudan\u00e7a na pol\u00edtica de pre\u00e7os da Petrobras\u201d, disse.<\/p>\n<p>&nbsp;<\/p>\n<p>Nesta segunda-feira (21\/5), pelo menos 20 estados e o Distrito Federal registraram protestos de caminhoneiros contra os altos pre\u00e7os da gasolina e do diesel. O movimento fez o presidente Michel Temer convocar uma reuni\u00e3o de emerg\u00eancia durante a noite no Pal\u00e1cio do Planalto. H\u00e1 uma grande preocupa\u00e7\u00e3o do Executivo quanto \u00e0 insatisfa\u00e7\u00e3o com os pre\u00e7os dos combust\u00edveis, j\u00e1 que a redu\u00e7\u00e3o da infla\u00e7\u00e3o \u00e9 um dos principais argumentos para a melhora da economia. A princ\u00edpios, duas medidas poderiam ser estudadas: a mudan\u00e7a de metodologia de pre\u00e7os da Petrobras, que estabelece os valores nas refinarias, e a redu\u00e7\u00e3o de impostos.<\/p>\n<p>&nbsp;<\/p>\n<p>Pedro Parente afirmou que a pol\u00edtica de pre\u00e7os da estatal se baseia na varia\u00e7\u00e3o do petr\u00f3leo no mercado internacional e do c\u00e2mbio, ambos com cota\u00e7\u00f5es em alta. O barril tipo brent chegou a superar os US$ 80 na \u00faltima semana, valor que n\u00e3o era alcan\u00e7ado desde 2014. J\u00e1 a moeda norte-americana se aproximou de R$ 3,80 na \u00faltima sexta-feira (18\/5).<\/p>\n<p>&nbsp;<\/p>\n<p>\u201c\u00c9 reconhecida que (a alta dos combust\u00edveis) \u00e9 uma consequ\u00eancia dos pre\u00e7os internacionais e do c\u00e2mbio, portanto, n\u00e3o houve discuss\u00e3o em rela\u00e7\u00e3o \u00e0 pol\u00edtica de pre\u00e7os da Petrobras. Est\u00e1 exatamente como estava antes. Sem mudan\u00e7as\u201d, pontuou o presidente da Petrobras.\u00a0 Ele disse que o governo federal poderia considerar \u201ceventuais medidas\u201d de acordo com as informa\u00e7\u00f5es da din\u00e2mica de mercados. \u201cPoderiam ser discutidas posteriormente, mas n\u00e3o dentro do \u00e2mbito da Petrobras\u201d, garantiu.<\/p>\n<p>&nbsp;<\/p>\n<p>Sobre poss\u00edveis mudan\u00e7a na tributa\u00e7\u00e3o, o presidente da Petrobras declarou que isso \u00e9 da \u201cal\u00e7ada\u201d do governo e que n\u00e3o cabe a ele tratar sobre isso. Parente tamb\u00e9m comentou a decis\u00e3o de reduzir os pre\u00e7os dos combust\u00edveis nas refinarias, anunciada nesta ter\u00e7a-feira (22\/5). Os novos valores v\u00e3o valer a partir de amanh\u00e3. Questionado se a diminui\u00e7\u00e3o foi uma press\u00e3o do governo, o presidente da estatal alegou que houve um importante recuo do c\u00e2mbio na segunda-feira (21\/5).<\/p>\n<p>&nbsp;<\/p>\n<p>\u201c\u00c9 prova de que essa pol\u00edtica funciona na dire\u00e7\u00e3o tanto de subir os pre\u00e7os quanto de cair os pre\u00e7os. O Banco Central agiu, interveio com mais intensidade no mercado, houve uma redu\u00e7\u00e3o de c\u00e2mbio e isso foi refletido no pre\u00e7o de combust\u00edveis\u201d, disse Parente, sobre a maior oferta de swap cambial pelo BC para evitar a disparada da moeda americana.<\/p>\n<p>&nbsp;<\/p>\n<p><em>Bras\u00edlia, 11h05min<\/em><\/p>\n","protected":false},"excerpt":{"rendered":"<p>HAMILTON FERRARI Em meio \u00e0 press\u00e3o do governo para que os pre\u00e7os dos combust\u00edveis sejam reduzidos, a Petrobras anunciou que baixar\u00e1 os valores do diesel e da gasolina nas refinarias a partir desta quarta-feira (23\/05). Segundo o presidente da estatal, Pedro Parente, n\u00e3o houve interven\u00e7\u00e3o do Pal\u00e1cio do Planalto na medida. Os pre\u00e7os, garante ele, [&hellip;]<\/p>\n","protected":false},"author":22,"featured_media":0,"comment_status":"open","ping_status":"closed","sticky":false,"template":"","format":"standard","meta":{"footnotes":""},"categories":[600],"tags":[998,3367,268,710,634,228,719],"class_list":["post-8057","post","type-post","status-publish","format-standard","hentry","category-economia","tag-combustiveis","tag-diesel","tag-gasolina","tag-intervencao","tag-pedro-parente","tag-petrobras","tag-reducao"],"_links":{"self":[{"href":"https:\/\/blogs.correiobraziliense.com.br\/vicente\/wp-json\/wp\/v2\/posts\/8057","targetHints":{"allow":["GET"]}}],"collection":[{"href":"https:\/\/blogs.correiobraziliense.com.br\/vicente\/wp-json\/wp\/v2\/posts"}],"about":[{"href":"https:\/\/blogs.correiobraziliense.com.br\/vicente\/wp-json\/wp\/v2\/types\/post"}],"author":[{"embeddable":true,"href":"https:\/\/blogs.correiobraziliense.com.br\/vicente\/wp-json\/wp\/v2\/users\/22"}],"replies":[{"embeddable":true,"href":"https:\/\/blogs.correiobraziliense.com.br\/vicente\/wp-json\/wp\/v2\/comments?post=8057"}],"version-history":[{"count":5,"href":"https:\/\/blogs.correiobraziliense.com.br\/vicente\/wp-json\/wp\/v2\/posts\/8057\/revisions"}],"predecessor-version":[{"id":8067,"href":"https:\/\/blogs.correiobraziliense.com.br\/vicente\/wp-json\/wp\/v2\/posts\/8057\/revisions\/8067"}],"wp:attachment":[{"href":"https:\/\/blogs.correiobraziliense.com.br\/vicente\/wp-json\/wp\/v2\/media?parent=8057"}],"wp:term":[{"taxonomy":"category","embeddable":true,"href":"https:\/\/blogs.correiobraziliense.com.br\/vicente\/wp-json\/wp\/v2\/categories?post=8057"},{"taxonomy":"post_tag","embeddable":true,"href":"https:\/\/blogs.correiobraziliense.com.br\/vicente\/wp-json\/wp\/v2\/tags?post=8057"}],"curies":[{"name":"wp","href":"https:\/\/api.w.org\/{rel}","templated":true}]}}