{"id":8054,"date":"2018-05-22T11:17:13","date_gmt":"2018-05-22T14:17:13","guid":{"rendered":"https:\/\/blogs.correiobraziliense.com.br\/vicente\/?p=8054"},"modified":"2018-05-22T11:17:13","modified_gmt":"2018-05-22T14:17:13","slug":"juca-banca-meirelles-como-pre-candidato-do-mdb-presidencia-da-republica","status":"publish","type":"post","link":"https:\/\/blogs.correiobraziliense.com.br\/vicente\/juca-banca-meirelles-como-pre-candidato-do-mdb-presidencia-da-republica\/","title":{"rendered":"Juc\u00e1 banca Meirelles como pr\u00e9-candidato do MDB \u00e0 Presid\u00eancia da Rep\u00fablica"},"content":{"rendered":"<h2>RODOLFO COSTA<\/h2>\n<h2><\/h2>\n<h2>O ex-ministro da Fazenda Henrique Meirelles est\u00e1 com um p\u00e9 na pr\u00e9-candidatura do MDB. Em caf\u00e9 da manh\u00e3 organizado pela Associa\u00e7\u00e3o Brasileira da Atividade de Rela\u00e7\u00f5es Institucionais e Governamentais (Abrig), o presidente nacional do partido, senador Romero Juc\u00e1 (RR), admitiu a representantes da entidade e a lobistas credenciados que o ex-comandante da equipe econ\u00f4mica ser\u00e1 o representante da legenda na corrida eleitoral.<\/h2>\n<p>&nbsp;<\/p>\n<p>A afirma\u00e7\u00e3o \u00e9 uma esp\u00e9cie de antecipa\u00e7\u00e3o do que o MDB anunciar\u00e1 no lan\u00e7amento do documento intitulado de \u201cEncontro com o Futuro\u201d, \u00e0s 11h. A ideia \u00e9 emplacar Meirelles como o representante do partido que defender\u00e1 o legado da gest\u00e3o do presidente Michel Temer e do documento, considerado uma esp\u00e9cie de continua\u00e7\u00e3o do programa de governo \u201cPonte para o Futuro\u201d.<\/p>\n<p>&nbsp;<\/p>\n<p>Aos lobistas e representantes da Abrig, Juc\u00e1 definiu Meirelles como \u201cnosso candidato\u201d. \u201cEle tem todas as condi\u00e7\u00f5es de representar o eixo do centro\u201d, sustentou o comandante emedebista. A defini\u00e7\u00e3o do ex-ministro \u00e9 defendida por uma ala emedebista, que entende que o partido n\u00e3o deve mais ficar em meio a incertezas sobre quem defender\u00e1 o legado do governo.<\/p>\n<p>&nbsp;<\/p>\n<p>Outro fator que joga a favor de Meirelles \u00e9 o fato de ele ter recursos para bancar a pr\u00f3pria candidatura. A op\u00e7\u00e3o por Temer implicaria em uma divis\u00e3o de recursos entre a candidatura dele, bem como de campanhas para governadores, senadores e deputados. Tal op\u00e7\u00e3o desagradava uma ala de dissidentes emedebistas. Agora, a expectativa \u00e9 que, aos poucos, haja uma melhor aceita\u00e7\u00e3o em torno do ex-ministro.<\/p>\n<p>&nbsp;<\/p>\n<p><em>Bras\u00edlia, 11h14min<\/em><\/p>\n","protected":false},"excerpt":{"rendered":"<p>RODOLFO COSTA O ex-ministro da Fazenda Henrique Meirelles est\u00e1 com um p\u00e9 na pr\u00e9-candidatura do MDB. Em caf\u00e9 da manh\u00e3 organizado pela Associa\u00e7\u00e3o Brasileira da Atividade de Rela\u00e7\u00f5es Institucionais e Governamentais (Abrig), o presidente nacional do partido, senador Romero Juc\u00e1 (RR), admitiu a representantes da entidade e a lobistas credenciados que o ex-comandante da equipe [&hellip;]<\/p>\n","protected":false},"author":22,"featured_media":0,"comment_status":"open","ping_status":"closed","sticky":false,"template":"","format":"standard","meta":{"footnotes":""},"categories":[600],"tags":[665,2524,3012,2432,92],"class_list":["post-8054","post","type-post","status-publish","format-standard","hentry","category-economia","tag-eleicoes","tag-juca","tag-mdb","tag-meirelles","tag-presidencia"],"_links":{"self":[{"href":"https:\/\/blogs.correiobraziliense.com.br\/vicente\/wp-json\/wp\/v2\/posts\/8054","targetHints":{"allow":["GET"]}}],"collection":[{"href":"https:\/\/blogs.correiobraziliense.com.br\/vicente\/wp-json\/wp\/v2\/posts"}],"about":[{"href":"https:\/\/blogs.correiobraziliense.com.br\/vicente\/wp-json\/wp\/v2\/types\/post"}],"author":[{"embeddable":true,"href":"https:\/\/blogs.correiobraziliense.com.br\/vicente\/wp-json\/wp\/v2\/users\/22"}],"replies":[{"embeddable":true,"href":"https:\/\/blogs.correiobraziliense.com.br\/vicente\/wp-json\/wp\/v2\/comments?post=8054"}],"version-history":[{"count":2,"href":"https:\/\/blogs.correiobraziliense.com.br\/vicente\/wp-json\/wp\/v2\/posts\/8054\/revisions"}],"predecessor-version":[{"id":8061,"href":"https:\/\/blogs.correiobraziliense.com.br\/vicente\/wp-json\/wp\/v2\/posts\/8054\/revisions\/8061"}],"wp:attachment":[{"href":"https:\/\/blogs.correiobraziliense.com.br\/vicente\/wp-json\/wp\/v2\/media?parent=8054"}],"wp:term":[{"taxonomy":"category","embeddable":true,"href":"https:\/\/blogs.correiobraziliense.com.br\/vicente\/wp-json\/wp\/v2\/categories?post=8054"},{"taxonomy":"post_tag","embeddable":true,"href":"https:\/\/blogs.correiobraziliense.com.br\/vicente\/wp-json\/wp\/v2\/tags?post=8054"}],"curies":[{"name":"wp","href":"https:\/\/api.w.org\/{rel}","templated":true}]}}