{"id":8051,"date":"2018-05-22T09:10:57","date_gmt":"2018-05-22T12:10:57","guid":{"rendered":"https:\/\/blogs.correiobraziliense.com.br\/vicente\/?p=8051"},"modified":"2018-05-22T10:43:26","modified_gmt":"2018-05-22T13:43:26","slug":"correio-economico-com-combustiveis-inflacao-de-junho-vai-07","status":"publish","type":"post","link":"https:\/\/blogs.correiobraziliense.com.br\/vicente\/correio-economico-com-combustiveis-inflacao-de-junho-vai-07\/","title":{"rendered":"Correio Econ\u00f4mico: Com combust\u00edveis, infla\u00e7\u00e3o de junho vai a 0,7%"},"content":{"rendered":"<p>A infla\u00e7\u00e3o de junho ser\u00e1 a maior do ano. Deve atingir 0,7%, refletindo a alta do que os economistas chamam de pre\u00e7os administrados pelo governo. O choque no bolso vir\u00e1 da gasolina, do etanol e da energia el\u00e9trica, que voltar\u00e1 a ter bandeira vermelha. Para desespero dos consumidores, est\u00e1 havendo uma conjun\u00e7\u00e3o negativa de fatores que tornam esses produtos e servi\u00e7os mais caros. O aperto dever\u00e1 se prologar para julho, avisa Carlos Thadeu Filho, economista s\u00eanior do Instituto Brasileiro de Economia (Ibre) da Funda\u00e7\u00e3o Get\u00falio Vargas (FGV).<\/p>\n<p>&nbsp;<\/p>\n<p>Ele explica que, em maio, mesmo com a gasolina j\u00e1 tendo ficado 15% mais cara e o diesel subido quase 10%, as taxas de infla\u00e7\u00e3o se manter\u00e3o comportadas por causa da queda dos pre\u00e7os do etanol e da energia el\u00e9trica. No pr\u00f3ximo m\u00eas, por\u00e9m, o quadro ser\u00e1 bem diferente. Tanto os combust\u00edveis quanto a conta de luz ter\u00e3o reajustes e isso empurrar\u00e1 o \u00cdndice de Pre\u00e7os ao Consumidor Amplo (IPCA) para cima. Em junho do ano passado, o pa\u00eds havia registrado defla\u00e7\u00e3o de 0,23%. \u201cRefiz as minhas proje\u00e7\u00f5es. Em vez de 3,2%, espero, agora, infla\u00e7\u00e3o de 3,8% para este ano\u201d, afirma Thadeu Filho.<\/p>\n<p>&nbsp;<\/p>\n<p>Dados do mercado indicam que somente a gasolina respondeu por cerca de 10% da infla\u00e7\u00e3o acumulada neste ano. Nem por isso, diz o economista do Ibre, o governo deve mudar \u00e0 for\u00e7a a pol\u00edtica de pre\u00e7os da Petrobras. Desde julho de 2017, a estatal vem mexendo, quase que diariamente, nos valores da gasolina e o diesel. A empresa tem repassado para os consumidores as varia\u00e7\u00f5es, para cima e para baixo, das cota\u00e7\u00f5es do petr\u00f3leo no mercado internacional e do d\u00f3lar. O problema \u00e9 que, nas \u00faltimas semanas, o barril do \u00f3leo e a moeda norte-americana dispararam.<\/p>\n<p>&nbsp;<\/p>\n<p><b>Intervencionismo<\/b><\/p>\n<p>&nbsp;<\/p>\n<p>Combust\u00edveis em alta n\u00e3o combinam com elei\u00e7\u00f5es. Por isso, o presidente Michel Temer convocou ontem uma reuni\u00e3o extraordin\u00e1ria para tentar conter a disparada dos valores nas bombas dos postos. O encarecimento da gasolina e do diesel tem potencial para zerar a minguada popularidade do governo. A ala pol\u00edtica do Pal\u00e1cio do Planalto cobra uma a\u00e7\u00e3o r\u00e1pida, antes que a candidatura do escolhido pelo MDB esteja nas ruas. Mas h\u00e1 resist\u00eancias por parte da equipe econ\u00f4mica e do comando da Petrobras, que, por sinal, estar\u00e1 com Temer nesta ter\u00e7a-feira. O presidente da companhia, Pedro Parente, fez chegar ao chefe que n\u00e3o aceitar\u00e1 interfer\u00eancias pol\u00edticas em sua gest\u00e3o.<\/p>\n<p>&nbsp;<\/p>\n<p>Temer se gaba de ter conseguido reverter a situa\u00e7\u00e3o dram\u00e1tica da Petrobras, que foi saqueada nos governos petistas. Diz que, com a profissionaliza\u00e7\u00e3o da gest\u00e3o e a liberdade para a pol\u00edtica de pre\u00e7os dos combust\u00edveis, a estatal saiu de seguidos preju\u00edzos para um lucro de R$ 7 bilh\u00f5es no primeiro trimestre deste ano. Esse discurso, contudo, n\u00e3o combina com pol\u00edticas intervencionistas. Se o governo obrigar a petroleira a segurar os repasses da alta do petr\u00f3leo e do d\u00f3lar para os consumidores, repetir\u00e1 a pol\u00edtica desastrosa que prevaleceu na administra\u00e7\u00e3o de Dilma Rousseff.<\/p>\n<p>&nbsp;<\/p>\n<p>Para Thadeu Filho, at\u00e9 a redu\u00e7\u00e3o de impostos sobre combust\u00edveis proposta pela ala pol\u00edtica do Planalto ser\u00e1 mal recebida pelos investidores, que est\u00e3o pagando caro pelas a\u00e7\u00f5es da Petrobras. Com as contas p\u00fablicas em frangalhos, o governo n\u00e3o est\u00e1 em condi\u00e7\u00e3o de abrir m\u00e3o de qualquer real. A previs\u00e3o para este ano \u00e9 de deficit de at\u00e9 R$ 159 bilh\u00f5es. Em 2019, o buraco previsto \u00e9 de R$ 139 bilh\u00f5es. \u201cN\u00e3o se pode esquecer que o intervencionismo nas estatais est\u00e1 custando caro at\u00e9 hoje\u201d, ressalta o economista. Medidas como essa empurraram o Brasil para uma das mais severas recess\u00f5es da hist\u00f3ria.<\/p>\n<p>&nbsp;<\/p>\n<p><b>Complac\u00eancia<\/b><\/p>\n<p>&nbsp;<\/p>\n<p>Em vez de partir para o populismo, o governo deve ter sangue-frio. Como a economia est\u00e1 muito fraca, os repasses de aumentos de custos pela ind\u00fastria e pelo com\u00e9rcio est\u00e3o contidos. Os pre\u00e7os livres, que sofrem interfer\u00eancia da pol\u00edtica de juros comandada pelo Banco Central, continuam muito bem comportados, compensando o choque dos administrados, que respondem, em m\u00e9dia, por um quarto da infla\u00e7\u00e3o. \u201cVeremos dois meses mais complicados para a infla\u00e7\u00e3o, mas, depois, haver\u00e1 acomoda\u00e7\u00e3o\u201d, diz Thadeu Filho. Isso, \u00e9 claro, se o Planalto n\u00e3o fizer nenhuma loucura na economia. \u201cN\u00e3o h\u00e1 mais espa\u00e7os para pedaladas nos pre\u00e7os da gasolina e da energia el\u00e9trica\u201d, emenda.<\/p>\n<p>&nbsp;<\/p>\n<p>Quem acompanhou a reuni\u00e3o de ontem no Planalto garante que Temer est\u00e1 com os p\u00e9s no ch\u00e3o. Ele sabe que qualquer passo em falso pode lhe custar uma briga com o mercado financeiro, que, at\u00e9 agora, lhe deu todo apoio, fechando, inclusive, os olhos para as derrapadas na \u00e1rea fiscal. Essa complac\u00eancia, por\u00e9m, est\u00e1 por um fio. Tanto que bancos e corretoras decidiram partir para cima do Banco Central, que, acuado, teve que ampliar a interven\u00e7\u00e3o no c\u00e2mbio para conter a alta do d\u00f3lar. O presidente n\u00e3o tem o apoio da popula\u00e7\u00e3o. Se o mercado lhe abandonar, poder\u00e1 decretar o fim antecipado de seu governo.<\/p>\n<p>&nbsp;<\/p>\n<p><i>Bras\u00edlia, 09h10min<\/i><\/p>\n","protected":false},"excerpt":{"rendered":"<p>A infla\u00e7\u00e3o de junho ser\u00e1 a maior do ano. Deve atingir 0,7%, refletindo a alta do que os economistas chamam de pre\u00e7os administrados pelo governo. O choque no bolso vir\u00e1 da gasolina, do etanol e da energia el\u00e9trica, que voltar\u00e1 a ter bandeira vermelha. Para desespero dos consumidores, est\u00e1 havendo uma conjun\u00e7\u00e3o negativa de fatores [&hellip;]<\/p>\n","protected":false},"author":22,"featured_media":0,"comment_status":"open","ping_status":"closed","sticky":false,"template":"","format":"standard","meta":{"footnotes":""},"categories":[600],"tags":[3,998,14,710,4,111,228],"class_list":["post-8051","post","type-post","status-publish","format-standard","hentry","category-economia","tag-banco-central","tag-combustiveis","tag-inflacao","tag-intervencao","tag-juros","tag-michel-temer","tag-petrobras"],"_links":{"self":[{"href":"https:\/\/blogs.correiobraziliense.com.br\/vicente\/wp-json\/wp\/v2\/posts\/8051","targetHints":{"allow":["GET"]}}],"collection":[{"href":"https:\/\/blogs.correiobraziliense.com.br\/vicente\/wp-json\/wp\/v2\/posts"}],"about":[{"href":"https:\/\/blogs.correiobraziliense.com.br\/vicente\/wp-json\/wp\/v2\/types\/post"}],"author":[{"embeddable":true,"href":"https:\/\/blogs.correiobraziliense.com.br\/vicente\/wp-json\/wp\/v2\/users\/22"}],"replies":[{"embeddable":true,"href":"https:\/\/blogs.correiobraziliense.com.br\/vicente\/wp-json\/wp\/v2\/comments?post=8051"}],"version-history":[{"count":3,"href":"https:\/\/blogs.correiobraziliense.com.br\/vicente\/wp-json\/wp\/v2\/posts\/8051\/revisions"}],"predecessor-version":[{"id":8056,"href":"https:\/\/blogs.correiobraziliense.com.br\/vicente\/wp-json\/wp\/v2\/posts\/8051\/revisions\/8056"}],"wp:attachment":[{"href":"https:\/\/blogs.correiobraziliense.com.br\/vicente\/wp-json\/wp\/v2\/media?parent=8051"}],"wp:term":[{"taxonomy":"category","embeddable":true,"href":"https:\/\/blogs.correiobraziliense.com.br\/vicente\/wp-json\/wp\/v2\/categories?post=8051"},{"taxonomy":"post_tag","embeddable":true,"href":"https:\/\/blogs.correiobraziliense.com.br\/vicente\/wp-json\/wp\/v2\/tags?post=8051"}],"curies":[{"name":"wp","href":"https:\/\/api.w.org\/{rel}","templated":true}]}}