{"id":8050,"date":"2018-05-22T09:01:23","date_gmt":"2018-05-22T12:01:23","guid":{"rendered":"https:\/\/blogs.correiobraziliense.com.br\/vicente\/?p=8050"},"modified":"2018-05-22T09:01:23","modified_gmt":"2018-05-22T12:01:23","slug":"bc-decreta-liquidacao-extrajudicial-da-corretora-gradual","status":"publish","type":"post","link":"https:\/\/blogs.correiobraziliense.com.br\/vicente\/bc-decreta-liquidacao-extrajudicial-da-corretora-gradual\/","title":{"rendered":"BC decreta liquida\u00e7\u00e3o extrajudicial da corretora Gradual"},"content":{"rendered":"<p>POR ANTONIO TEM\u00d3TEO<\/p>\n<p>&nbsp;<\/p>\n<p>O Banco Central (BC) decretou a liquida\u00e7\u00e3o extrajudicial da Gradual Corretora de C\u00e2mbio, T\u00edtulos e Valores Mobili\u00e1rios. \u00a0com sede em S\u00e3o Paulo. Conforme a autoridade monet\u00e1ria, a decis\u00e3o foi tomada ap\u00f3s graves viola\u00e7\u00f5es \u00e0s normas legais e regulamentares que disciplinam a atividade da companhia.<\/p>\n<p>&nbsp;<\/p>\n<p>Entre os problemas identificados pelo BC est\u00e3o o\u00a0comprometimento de sua situa\u00e7\u00e3o econ\u00f4mico-financeira e a exist\u00eancia de preju\u00edzos que sujeitam a risco anormal seus credores. O regulador do sistema financeiro ainda informou que a Gradual n\u00e3o possui\u00a0\u00ednculos com qualquer conglomerado banc\u00e1rio.<\/p>\n<p>&nbsp;<\/p>\n<p>Al\u00e9m disso, a autoridade monet\u00e1ria informou\u00a0que a empresa tem\u00a0em baixa relev\u00e2ncia no Sistema Financeiro Nacional, representando apenas 0,003% do ativo total e 0,07% dos recursos administrados de terceiros e foi respons\u00e1vel por 0,04% do movimento total de c\u00e2mbio realizado no 4\u00ba trimestre de 2017.<\/p>\n<p>&nbsp;<\/p>\n<p>O BC ainda detalhou que est\u00e1 adotando as medidas cab\u00edveis para apurar as responsabilidades pelos fatos que resultaram na liquida\u00e7\u00e3o. Com isso, os bens dos controladores e dos ex-administradores da institui\u00e7\u00e3o ficam indispon\u00edveis.<\/p>\n","protected":false},"excerpt":{"rendered":"<p>POR ANTONIO TEM\u00d3TEO &nbsp; O Banco Central (BC) decretou a liquida\u00e7\u00e3o extrajudicial da Gradual Corretora de C\u00e2mbio, T\u00edtulos e Valores Mobili\u00e1rios. \u00a0com sede em S\u00e3o Paulo. Conforme a autoridade monet\u00e1ria, a decis\u00e3o foi tomada ap\u00f3s graves viola\u00e7\u00f5es \u00e0s normas legais e regulamentares que disciplinam a atividade da companhia. &nbsp; Entre os problemas identificados pelo BC [&hellip;]<\/p>\n","protected":false},"author":22,"featured_media":0,"comment_status":"open","ping_status":"closed","sticky":false,"template":"","format":"standard","meta":{"footnotes":""},"categories":[600],"tags":[3360,3378,3380,3379],"class_list":["post-8050","post","type-post","status-publish","format-standard","hentry","category-economia","tag-gradual","tag-gradual-corretora-de-cambio","tag-liquidacao-extrajudicial","tag-titulos-e-valores-mobiliarios"],"_links":{"self":[{"href":"https:\/\/blogs.correiobraziliense.com.br\/vicente\/wp-json\/wp\/v2\/posts\/8050","targetHints":{"allow":["GET"]}}],"collection":[{"href":"https:\/\/blogs.correiobraziliense.com.br\/vicente\/wp-json\/wp\/v2\/posts"}],"about":[{"href":"https:\/\/blogs.correiobraziliense.com.br\/vicente\/wp-json\/wp\/v2\/types\/post"}],"author":[{"embeddable":true,"href":"https:\/\/blogs.correiobraziliense.com.br\/vicente\/wp-json\/wp\/v2\/users\/22"}],"replies":[{"embeddable":true,"href":"https:\/\/blogs.correiobraziliense.com.br\/vicente\/wp-json\/wp\/v2\/comments?post=8050"}],"version-history":[{"count":1,"href":"https:\/\/blogs.correiobraziliense.com.br\/vicente\/wp-json\/wp\/v2\/posts\/8050\/revisions"}],"predecessor-version":[{"id":8052,"href":"https:\/\/blogs.correiobraziliense.com.br\/vicente\/wp-json\/wp\/v2\/posts\/8050\/revisions\/8052"}],"wp:attachment":[{"href":"https:\/\/blogs.correiobraziliense.com.br\/vicente\/wp-json\/wp\/v2\/media?parent=8050"}],"wp:term":[{"taxonomy":"category","embeddable":true,"href":"https:\/\/blogs.correiobraziliense.com.br\/vicente\/wp-json\/wp\/v2\/categories?post=8050"},{"taxonomy":"post_tag","embeddable":true,"href":"https:\/\/blogs.correiobraziliense.com.br\/vicente\/wp-json\/wp\/v2\/tags?post=8050"}],"curies":[{"name":"wp","href":"https:\/\/api.w.org\/{rel}","templated":true}]}}