{"id":8043,"date":"2018-05-21T18:37:23","date_gmt":"2018-05-21T21:37:23","guid":{"rendered":"https:\/\/blogs.correiobraziliense.com.br\/vicente\/?p=8043"},"modified":"2018-05-21T19:17:54","modified_gmt":"2018-05-21T22:17:54","slug":"receita-faturou-r-10-bi-mais-com-aumento-de-imposto-sobre-combustivel","status":"publish","type":"post","link":"https:\/\/blogs.correiobraziliense.com.br\/vicente\/receita-faturou-r-10-bi-mais-com-aumento-de-imposto-sobre-combustivel\/","title":{"rendered":"Receita faturou R$ 10 bi a mais com aumento de imposto sobre combust\u00edvel"},"content":{"rendered":"<h2>HAMILTON FERRARI<\/h2>\n<h2><\/h2>\n<h2>Desde que o governo aumentou as al\u00edquotas do PIS e da Cofins sobre os combust\u00edveis, em julho do ano passado, a Receita Federal arrecadou R$ 10 bilh\u00f5es a mais. De agosto de 2017 a mar\u00e7o deste ano, as receitas com esses tributos atingiram R$ 19 bilh\u00f5es, alta de 111% na compara\u00e7\u00e3o com o mesmo per\u00edodo entre 2016 e 2017, quando a arrecada\u00e7\u00e3o atingiu R$ 8,9 bilh\u00f5es.<\/h2>\n<p>&nbsp;<\/p>\n<p>Os \u00faltimos resultados do Fisco mostram que, desde a eleva\u00e7\u00e3o de impostos, o PIS e a Cofins foram fundamentais para melhorar os dados mensais da arrecada\u00e7\u00e3o do governo. Aliado ao Programa Especial de Regulariza\u00e7\u00e3o Tribut\u00e1ria (Pert), mais conhecido como Refis, os ganhos ajudaram as contas p\u00fablicas no segundo semestre de 2017.<\/p>\n<p>&nbsp;<\/p>\n<p>Especialistas ressaltam que n\u00e3o s\u00f3 o aumento do imposto foi importante, mas tamb\u00e9m a varia\u00e7\u00e3o do pre\u00e7o internacional do petr\u00f3leo e do d\u00f3lar, que subiram exponencialmente nos \u00faltimos meses, ajudando nos ganhos do governo federal.<\/p>\n<p>&nbsp;<\/p>\n<p>Segundo o \u00faltimo Prisma Fiscal, relat\u00f3rio do Minist\u00e9rio da Fazenda que coleta proje\u00e7\u00f5es de economistas sobre as contas p\u00fablicas, h\u00e1 uma &#8220;folga&#8221; para o cumprimento da meta fiscal deste ano, de deficit de at\u00e9 R$ 159 bilh\u00f5es em 2018. Os analistas est\u00e3o prevendo rombo de R$ 138,5 bilh\u00f5es. Isso abriria espa\u00e7o para o Pal\u00e1cio do Planalto cortar impostos sobre os combust\u00edveis.<\/p>\n<p>&nbsp;<\/p>\n<p>Na avalia\u00e7\u00e3o do economista Fabio Klein, especialista em contas p\u00fablicas da Tend\u00eancias Consultoria, se o governo \u201cabrir m\u00e3o da alta\u201d da arrecada\u00e7\u00e3o sobre combust\u00edveis ficar\u00e1 numa situa\u00e7\u00e3o desconfort\u00e1vel. \u201cMesmo que haja algum espa\u00e7o para acomodar perda de recursos em fun\u00e7\u00e3o de meta fiscal frouxa, que tudo leva a crer ser\u00e1 cumprida com tranquilidade, isso pode gerar preju\u00edzos em 2019 e em 2020\u201d, diz. \u201cOu seja, \u00e9 capaz de o governo voltar atr\u00e1s e aumentar novamente (a al\u00edquota no futuro)\u201d, ressalta.<\/p>\n<p>&nbsp;<\/p>\n<p>Klein explica que este \u00e9 um exemplo de uma pol\u00edtica inst\u00e1vel, \u201cque ora sobe, ora desce\u201d impostos de acordo com as conveni\u00eancias. \u201cO governo est\u00e1 num dilema: reduzir o pre\u00e7o de gasolina e diesel e atender aos anseios dos consumidores ou manter recursos para garantir maior sustentabilidade fiscal\u201d, afirma.<\/p>\n<p>&nbsp;<\/p>\n<p>Outros analistas lembram que receitas extraordin\u00e1rias tamb\u00e9m podem n\u00e3o se concretizar, como a privatiza\u00e7\u00e3o da Eletrobras, que est\u00e1 sendo discutida na C\u00e2mara dos Deputados, prejudicando ainda mais o lado fiscal. Ou seja, pre\u00e7os de combust\u00edveis n\u00e3o podem voltar a ser definidos com base em pol\u00edticas populistas.<\/p>\n","protected":false},"excerpt":{"rendered":"<p>HAMILTON FERRARI Desde que o governo aumentou as al\u00edquotas do PIS e da Cofins sobre os combust\u00edveis, em julho do ano passado, a Receita Federal arrecadou R$ 10 bilh\u00f5es a mais. De agosto de 2017 a mar\u00e7o deste ano, as receitas com esses tributos atingiram R$ 19 bilh\u00f5es, alta de 111% na compara\u00e7\u00e3o com o [&hellip;]<\/p>\n","protected":false},"author":22,"featured_media":0,"comment_status":"open","ping_status":"closed","sticky":false,"template":"","format":"standard","meta":{"footnotes":""},"categories":[600],"tags":[133,998,3367,268,467,660],"class_list":["post-8043","post","type-post","status-publish","format-standard","hentry","category-economia","tag-aumento","tag-combustiveis","tag-diesel","tag-gasolina","tag-governo","tag-receita"],"_links":{"self":[{"href":"https:\/\/blogs.correiobraziliense.com.br\/vicente\/wp-json\/wp\/v2\/posts\/8043","targetHints":{"allow":["GET"]}}],"collection":[{"href":"https:\/\/blogs.correiobraziliense.com.br\/vicente\/wp-json\/wp\/v2\/posts"}],"about":[{"href":"https:\/\/blogs.correiobraziliense.com.br\/vicente\/wp-json\/wp\/v2\/types\/post"}],"author":[{"embeddable":true,"href":"https:\/\/blogs.correiobraziliense.com.br\/vicente\/wp-json\/wp\/v2\/users\/22"}],"replies":[{"embeddable":true,"href":"https:\/\/blogs.correiobraziliense.com.br\/vicente\/wp-json\/wp\/v2\/comments?post=8043"}],"version-history":[{"count":1,"href":"https:\/\/blogs.correiobraziliense.com.br\/vicente\/wp-json\/wp\/v2\/posts\/8043\/revisions"}],"predecessor-version":[{"id":8045,"href":"https:\/\/blogs.correiobraziliense.com.br\/vicente\/wp-json\/wp\/v2\/posts\/8043\/revisions\/8045"}],"wp:attachment":[{"href":"https:\/\/blogs.correiobraziliense.com.br\/vicente\/wp-json\/wp\/v2\/media?parent=8043"}],"wp:term":[{"taxonomy":"category","embeddable":true,"href":"https:\/\/blogs.correiobraziliense.com.br\/vicente\/wp-json\/wp\/v2\/categories?post=8043"},{"taxonomy":"post_tag","embeddable":true,"href":"https:\/\/blogs.correiobraziliense.com.br\/vicente\/wp-json\/wp\/v2\/tags?post=8043"}],"curies":[{"name":"wp","href":"https:\/\/api.w.org\/{rel}","templated":true}]}}