{"id":8012,"date":"2018-05-18T15:30:46","date_gmt":"2018-05-18T18:30:46","guid":{"rendered":"https:\/\/blogs.correiobraziliense.com.br\/vicente\/?p=8012"},"modified":"2018-05-18T19:16:13","modified_gmt":"2018-05-18T22:16:13","slug":"geap-vai-renegociar-dividas-e-dar-desconto-de-ate-95","status":"publish","type":"post","link":"https:\/\/blogs.correiobraziliense.com.br\/vicente\/geap-vai-renegociar-dividas-e-dar-desconto-de-ate-95\/","title":{"rendered":"Geap vai renegociar d\u00edvidas e dar desconto de at\u00e9 95%"},"content":{"rendered":"<h2>Diante da necessidade de refor\u00e7ar o caixa, a Geap Sa\u00fade decidiu refinanciar d\u00e9bitos atrasados de clientes. A medida deve beneficiar at\u00e9 90 mil pessoas. Pela proposta, uma das primeiras da gest\u00e3o de Luciana Rodriguez Carvalho, que assumiu a diretoria executiva nesta sexta-feira (18\/05), haver\u00e1 redu\u00e7\u00e3o de at\u00e9 95% nas d\u00edvidas.<\/h2>\n<p>&nbsp;<\/p>\n<p>A meta \u00e9 refor\u00e7ar o quadro de 450 mil benefici\u00e1rios da Geap, a maioria, servidores p\u00fabicos. Numa pr\u00f3xima etapa, \u00e9 poss\u00edvel que a operadora tente trazer de volta clientes que acabaram sendo desligados dos planos de sa\u00fade por um longo per\u00edodo de inadimpl\u00eancia. Nos tempos \u00e1ureos, a Geap chegou a ter mais de 900 mil associados.<\/p>\n<p>&nbsp;<\/p>\n<p>Segundo a Geap, al\u00e9m dos descontos de at\u00e9 95%, o programa de renegocia\u00e7\u00e3o de d\u00edvida prev\u00ea parcelamento dos valores em at\u00e9 60 vezes, com juros cobrados a partir da 13\u00aa parcela. \u00c9 preciso, por\u00e9m, dar uma entrada m\u00ednima correspondente a 10% do total devido, que pode ser dividida em seis vezes.<\/p>\n<p>&nbsp;<\/p>\n<p>&nbsp;<\/p>\n<p>A Geap informa que, para aderir ao refinanciamento, os interessados devem procurar as filiais espalhadas pelo pa\u00eds ou requerer o servi\u00e7o por telefone. A operadora tenta, com tais medidas, se fortalecer, depois do recente terremoto promovido pela sa\u00edda de Roberto Fontenele da diretoria executiva.<\/p>\n<p>&nbsp;<\/p>\n<p>Luciana, que est\u00e1 interinamente no comando da Geap, tem como miss\u00e3o recolocar a operadora nos trilhos. Ela tem a vantagem de ser funcion\u00e1ria de carreira, a primeira a ser escolhida para o cargo sem indica\u00e7\u00e3o politica. Nos \u00faltimos anos, a Geap foi rateada entre o PT e o PP, que saquearam o seu caixa.<\/p>\n<p>&nbsp;<\/p>\n<p>A t\u00e9cnica, que respondia pela diretoria de Qualidade, foi eleita por unanimidade pelo Conselho de Administra\u00e7\u00e3o. Tudo indica que ela ser\u00e1 efetivada no cargo, dentro do processo de limpeza pelo qual a Geap precisa passar. A operadora \u00e9 important\u00edssima dentro do mercado de sa\u00fade complementar, sobretudo por atender funcion\u00e1rios p\u00fablicos.<\/p>\n<p>&nbsp;<\/p>\n<p><em>Bras\u00edlia, 15h30min<\/em><\/p>\n<p>&nbsp;<\/p>\n","protected":false},"excerpt":{"rendered":"<p>Diante da necessidade de refor\u00e7ar o caixa, a Geap Sa\u00fade decidiu refinanciar d\u00e9bitos atrasados de clientes. A medida deve beneficiar at\u00e9 90 mil pessoas. Pela proposta, uma das primeiras da gest\u00e3o de Luciana Rodriguez Carvalho, que assumiu a diretoria executiva nesta sexta-feira (18\/05), haver\u00e1 redu\u00e7\u00e3o de at\u00e9 95% nas d\u00edvidas. &nbsp; A meta \u00e9 refor\u00e7ar [&hellip;]<\/p>\n","protected":false},"author":22,"featured_media":0,"comment_status":"open","ping_status":"closed","sticky":false,"template":"","format":"standard","meta":{"footnotes":""},"categories":[600],"tags":[2988,303,262,4,3364],"class_list":["post-8012","post","type-post","status-publish","format-standard","hentry","category-economia","tag-desconto","tag-divida","tag-geap","tag-juros","tag-luciana"],"_links":{"self":[{"href":"https:\/\/blogs.correiobraziliense.com.br\/vicente\/wp-json\/wp\/v2\/posts\/8012","targetHints":{"allow":["GET"]}}],"collection":[{"href":"https:\/\/blogs.correiobraziliense.com.br\/vicente\/wp-json\/wp\/v2\/posts"}],"about":[{"href":"https:\/\/blogs.correiobraziliense.com.br\/vicente\/wp-json\/wp\/v2\/types\/post"}],"author":[{"embeddable":true,"href":"https:\/\/blogs.correiobraziliense.com.br\/vicente\/wp-json\/wp\/v2\/users\/22"}],"replies":[{"embeddable":true,"href":"https:\/\/blogs.correiobraziliense.com.br\/vicente\/wp-json\/wp\/v2\/comments?post=8012"}],"version-history":[{"count":3,"href":"https:\/\/blogs.correiobraziliense.com.br\/vicente\/wp-json\/wp\/v2\/posts\/8012\/revisions"}],"predecessor-version":[{"id":8031,"href":"https:\/\/blogs.correiobraziliense.com.br\/vicente\/wp-json\/wp\/v2\/posts\/8012\/revisions\/8031"}],"wp:attachment":[{"href":"https:\/\/blogs.correiobraziliense.com.br\/vicente\/wp-json\/wp\/v2\/media?parent=8012"}],"wp:term":[{"taxonomy":"category","embeddable":true,"href":"https:\/\/blogs.correiobraziliense.com.br\/vicente\/wp-json\/wp\/v2\/categories?post=8012"},{"taxonomy":"post_tag","embeddable":true,"href":"https:\/\/blogs.correiobraziliense.com.br\/vicente\/wp-json\/wp\/v2\/tags?post=8012"}],"curies":[{"name":"wp","href":"https:\/\/api.w.org\/{rel}","templated":true}]}}