{"id":8008,"date":"2018-05-18T14:03:32","date_gmt":"2018-05-18T17:03:32","guid":{"rendered":"https:\/\/blogs.correiobraziliense.com.br\/vicente\/?p=8008"},"modified":"2018-05-18T14:04:07","modified_gmt":"2018-05-18T17:04:07","slug":"governo-antecipa-caged-para-contrapor-dados-negativos-do-ibge","status":"publish","type":"post","link":"https:\/\/blogs.correiobraziliense.com.br\/vicente\/governo-antecipa-caged-para-contrapor-dados-negativos-do-ibge\/","title":{"rendered":"Governo antecipa Caged para contrapor dados negativos do IBGE"},"content":{"rendered":"<h2>HAMILTON FERRARI E RODOLFO COSTA<\/h2>\n<h2><\/h2>\n<h2>O governo federal antecipou os n\u00fameros do Cadastro Geral de Empregados e Desempregados (Caged) para se contrapor aos dados negativos do Instituto Brasileiro de Geografia e Estat\u00edstica (IBGE). Em discurso em S\u00e3o Paulo, o presidente Michel Temer comemorou que foram criados 115.989 vagas com carteira assinada no m\u00eas de abril, mais do que foi registrado nos \u00faltimos meses.<\/h2>\n<h2><\/h2>\n<p>Os n\u00fameros do Minist\u00e9rio do Trabalho, por\u00e9m, n\u00e3o sairiam esta semana. O Pal\u00e1cio do Planalto est\u00e1 muito incomodado com as informa\u00e7\u00f5es sobre o aumento do n\u00famero de pessoas sem emprego do instituto de pesquisa.<\/p>\n<p>&nbsp;<\/p>\n<p>Temer n\u00e3o entendia o motivo de o Caged dar resultados positivos, enquanto o IBGE divulgava \u00edndices negativos. <a href=\"https:\/\/www.correiobraziliense.com.br\/app\/noticia\/politica\/2018\/05\/18\/interna_politica,681528\/precisamos-de-um-unico-nome-de-centro-diz-temer-ao-correio.shtml\">Em entrevista ao <strong>Correio<\/strong><\/a>, o presidente classificou a diferen\u00e7a de n\u00fameros de desocupados como \u201calgo curioso\u201d. \u201cSempre se diz que o desemprego n\u00e3o diminuiu. E diminuiu. Em janeiro deste ano houve cerca de 79 mil carteiras assinadas, fevereiro, 69 mil, em mar\u00e7o, 59 mil carteiras assinadas\u201d, afirmou. \u201cO IBGE disse que aumentou, e n\u00e3o entendi bem aquilo\u201d, completou.<\/p>\n<p>&nbsp;<\/p>\n<p>Nesta quinta (18\/5), o instituto mostrou que falta emprego para 27,7 milh\u00f5es de pessoas, o maior resultado da s\u00e9rie hist\u00f3rica, iniciada em 2012. O contingente conta com um n\u00famero recorde de desalentados (4,6 milh\u00f5es), que s\u00e3o aqueles que t\u00eam idade e condi\u00e7\u00f5es de trabalhar, mas desistiram de procurar emprego por falta de oportunidades.<\/p>\n<p>&nbsp;<\/p>\n<p>Por isso, Temer chamou os t\u00e9cnicos do Minist\u00e9rio do Trabalho e da equipe econ\u00f4mica para explicar os n\u00fameros. \u201cMe explicaram o seguinte: quando voc\u00ea est\u00e1 muito desalentado e n\u00e3o tem chance de emprego, eles n\u00e3o procuram. Quando surge um certo alento, as pessoas procuram\u201d, alegou. \u201cTamb\u00e9m n\u00e3o tem emprego para todo mundo, e quando n\u00e3o tem, o IBGE contabiliza como desempregado. \u00c9 claro que, mesmo no c\u00e1lculo do IBGE, caiu o desemprego\u201d, acrescentou.<\/p>\n<p>&nbsp;<\/p>\n<p>Durante discurso em f\u00f3rum da Confedera\u00e7\u00e3o Nacional da Ind\u00fastria (CNI) em parceria com a Revista Exame, em S\u00e3o Paulo, o emedebista enalteceu que a economia est\u00e1 melhorando e enfatizou que \u00e9 a maior gera\u00e7\u00e3o de empregos nos dados mensais at\u00e9 o momento. \u201cAcabo de receber que, em abril, tivemos 115 mil e 898 postos\u201d, destacou.<\/p>\n<p>&nbsp;<\/p>\n<p>Aos empres\u00e1rios, Temer pediu mais confian\u00e7a no processo de retomada do crescimento da economia. \u201cDe vez em quando, vejo uma ideia pessimista que a bolsa de valores caiu para 83 (mil pontos). Era 48. Chegou a 87. Quando h\u00e1 uma varia\u00e7\u00e3o, que \u00e9 mais do que natural, \u00e9 porque essas coisas s\u00e3o assim. \u00c9 diferente de cair. Cair seria voltar aos padr\u00f5es de dois anos atr\u00e1s\u201d, disse.<\/p>\n<p>&nbsp;<\/p>\n<p>O momento, avalia o emedebista, \u00e9 de ter uma mensagem de olhar para frente. \u201cTemos que ter esta mensagem que eu encontro aqui neste encontro, neste congresso. A ideia de que estamos olhando o futuro, e n\u00e3o apegados ao passado e olhando o presente\u201d, declarou.<\/p>\n<p>&nbsp;<\/p>\n<p><em>Bras\u00edlia, 14h01min<\/em><\/p>\n","protected":false},"excerpt":{"rendered":"<p>HAMILTON FERRARI E RODOLFO COSTA O governo federal antecipou os n\u00fameros do Cadastro Geral de Empregados e Desempregados (Caged) para se contrapor aos dados negativos do Instituto Brasileiro de Geografia e Estat\u00edstica (IBGE). Em discurso em S\u00e3o Paulo, o presidente Michel Temer comemorou que foram criados 115.989 vagas com carteira assinada no m\u00eas de abril, [&hellip;]<\/p>\n","protected":false},"author":22,"featured_media":0,"comment_status":"open","ping_status":"closed","sticky":false,"template":"","format":"standard","meta":{"footnotes":""},"categories":[600],"tags":[413,71,391,111],"class_list":["post-8008","post","type-post","status-publish","format-standard","hentry","category-economia","tag-caged","tag-desemprego","tag-ibge","tag-michel-temer"],"_links":{"self":[{"href":"https:\/\/blogs.correiobraziliense.com.br\/vicente\/wp-json\/wp\/v2\/posts\/8008","targetHints":{"allow":["GET"]}}],"collection":[{"href":"https:\/\/blogs.correiobraziliense.com.br\/vicente\/wp-json\/wp\/v2\/posts"}],"about":[{"href":"https:\/\/blogs.correiobraziliense.com.br\/vicente\/wp-json\/wp\/v2\/types\/post"}],"author":[{"embeddable":true,"href":"https:\/\/blogs.correiobraziliense.com.br\/vicente\/wp-json\/wp\/v2\/users\/22"}],"replies":[{"embeddable":true,"href":"https:\/\/blogs.correiobraziliense.com.br\/vicente\/wp-json\/wp\/v2\/comments?post=8008"}],"version-history":[{"count":3,"href":"https:\/\/blogs.correiobraziliense.com.br\/vicente\/wp-json\/wp\/v2\/posts\/8008\/revisions"}],"predecessor-version":[{"id":8011,"href":"https:\/\/blogs.correiobraziliense.com.br\/vicente\/wp-json\/wp\/v2\/posts\/8008\/revisions\/8011"}],"wp:attachment":[{"href":"https:\/\/blogs.correiobraziliense.com.br\/vicente\/wp-json\/wp\/v2\/media?parent=8008"}],"wp:term":[{"taxonomy":"category","embeddable":true,"href":"https:\/\/blogs.correiobraziliense.com.br\/vicente\/wp-json\/wp\/v2\/categories?post=8008"},{"taxonomy":"post_tag","embeddable":true,"href":"https:\/\/blogs.correiobraziliense.com.br\/vicente\/wp-json\/wp\/v2\/tags?post=8008"}],"curies":[{"name":"wp","href":"https:\/\/api.w.org\/{rel}","templated":true}]}}