{"id":8001,"date":"2018-05-18T13:05:29","date_gmt":"2018-05-18T16:05:29","guid":{"rendered":"https:\/\/blogs.correiobraziliense.com.br\/vicente\/?p=8001"},"modified":"2018-05-18T13:05:29","modified_gmt":"2018-05-18T16:05:29","slug":"inquietacao-do-mercado-leva-dolar-quase-r-380","status":"publish","type":"post","link":"https:\/\/blogs.correiobraziliense.com.br\/vicente\/inquietacao-do-mercado-leva-dolar-quase-r-380\/","title":{"rendered":"Inquieta\u00e7\u00e3o do mercado leva d\u00f3lar a quase R$ 3,80"},"content":{"rendered":"<h2>HAMILTON FERRARI<\/h2>\n<h2><\/h2>\n<h2>A inquieta\u00e7\u00e3o do mercado com os cen\u00e1rios interno e externo n\u00e3o teve interrup\u00e7\u00e3o nesta sexta-feira (18\/5). Em menos de dez dias a moeda norte-americana superou as barreiras psicol\u00f3gicas de R$ 3,60 e R$ 3,70 e, agora, se aproxima dos R$ 3,80. Nesta manh\u00e3, a cota\u00e7\u00e3o chegou a R$ 3,77, registrando a sexta alta consecutiva.<\/h2>\n<p>&nbsp;<\/p>\n<p>O Ibovespa, principal \u00edndice da Bolsa de Valores de S\u00e3o Paulo (B3), tamb\u00e9m sofre com os reflexos das turbul\u00eancias, atingindo uma queda de quase 2%. \u00c0s 13h, a a\u00e7\u00f5es recuavam 1,49%, aos 82.376 pontos. J\u00e1 o d\u00f3lar subia 1,16%, cotado a R$ 3,747.<\/p>\n<p>&nbsp;<\/p>\n<p>Os investidores est\u00e3o afoitos quanto a eleva\u00e7\u00e3o dos juros americanos pelo Fed (Federal Reserve, o banco central norte-americano). O cen\u00e1rio externo que at\u00e9 meses atr\u00e1s era favor\u00e1vel para pa\u00edses emergentes, como o Brasil, sofreu uma revers\u00e3o, diminuindo a atratividade pelos ativos de risco.<\/p>\n<p>&nbsp;<\/p>\n<p>Tanto \u00e9 que a d\u00edvida dessas na\u00e7\u00f5es avan\u00e7ou para US$ 19,3 trilh\u00f5es. De acordo com a ag\u00eancia de classifica\u00e7\u00e3o de risco Fitch Rating, os emergentes ter\u00e3o uma fase \u201cdesafiadora\u201d com a alta dos juros americanos, porque estar\u00e3o mais vulner\u00e1veis.<\/p>\n<p>&nbsp;<\/p>\n<p>Alguns analistas afirmam que, por conta do ambiente de incertezas, a essa volatilidade do d\u00f3lar deve se manter forte, podendo levar o c\u00e2mbio a R$ 4 ou mais. Os agentes tamb\u00e9m testam o Banco Central (BC), que nesta semana decidiu n\u00e3o reduzir a taxa Selic, mantendo o n\u00edvel a 6,5% ao ano.<\/p>\n<p>&nbsp;<\/p>\n<p>O mercado estava \u201cvendido\u201d, segundo analistas, e foi surpreendido pela comunica\u00e7\u00e3o do BC, que sinalizava mais um corte nos juros. Essa \u201cfalta de comunica\u00e7\u00e3o\u201d fez com que as taxas futuras com vencimento em janeiro de 2019 disparassem 36 pontos-base, atingindo 6,68%. A alta \u00e9 mais expressiva para os contratos de 2021: avan\u00e7aram 50 pontos-base, cotados a 8,86%.<\/p>\n<p>&nbsp;<\/p>\n<p>Thiago Figueiredo, gestor de fundos da GGR Investimentos, declarou que a curva de juros est\u00e1 \u201cexplodindo\u201d. \u201cN\u00e3o tem porta de sa\u00edda para todo mundo. O mercado inteiro estava apostando em queda da Selic\u201d, disse. \u201cOs que compraram n\u00e3o est\u00e3o achando vendedor. \u00c9 muita oferta para pouca demanda\u201d, completou o analista.<\/p>\n<p>&nbsp;<\/p>\n<p>Apesar do movimento, a alta do d\u00f3lar \u00e9 um movimento internacional, que ocorre com praticamente todas as moedas de pa\u00edses emergentes. Mesmo assim, h\u00e1 uma inseguran\u00e7a geral quanto ao cen\u00e1rio pol\u00edtico do pa\u00eds no pr\u00f3ximo ano. As elei\u00e7\u00f5es se aproximam sem um candidato competitivo que entrega as expectativas do mercado, como as reformas que ainda n\u00e3o foram implementadas.<\/p>\n<p>&nbsp;<\/p>\n<p><em>Bras\u00edlia 13h08min<\/em><\/p>\n","protected":false},"excerpt":{"rendered":"<p>HAMILTON FERRARI A inquieta\u00e7\u00e3o do mercado com os cen\u00e1rios interno e externo n\u00e3o teve interrup\u00e7\u00e3o nesta sexta-feira (18\/5). Em menos de dez dias a moeda norte-americana superou as barreiras psicol\u00f3gicas de R$ 3,60 e R$ 3,70 e, agora, se aproxima dos R$ 3,80. Nesta manh\u00e3, a cota\u00e7\u00e3o chegou a R$ 3,77, registrando a sexta alta [&hellip;]<\/p>\n","protected":false},"author":22,"featured_media":0,"comment_status":"open","ping_status":"closed","sticky":false,"template":"","format":"standard","meta":{"footnotes":""},"categories":[600],"tags":[2393,849,343,753],"class_list":["post-8001","post","type-post","status-publish","format-standard","hentry","category-economia","tag-bolsa","tag-cambio","tag-dolar","tag-mercado"],"_links":{"self":[{"href":"https:\/\/blogs.correiobraziliense.com.br\/vicente\/wp-json\/wp\/v2\/posts\/8001","targetHints":{"allow":["GET"]}}],"collection":[{"href":"https:\/\/blogs.correiobraziliense.com.br\/vicente\/wp-json\/wp\/v2\/posts"}],"about":[{"href":"https:\/\/blogs.correiobraziliense.com.br\/vicente\/wp-json\/wp\/v2\/types\/post"}],"author":[{"embeddable":true,"href":"https:\/\/blogs.correiobraziliense.com.br\/vicente\/wp-json\/wp\/v2\/users\/22"}],"replies":[{"embeddable":true,"href":"https:\/\/blogs.correiobraziliense.com.br\/vicente\/wp-json\/wp\/v2\/comments?post=8001"}],"version-history":[{"count":3,"href":"https:\/\/blogs.correiobraziliense.com.br\/vicente\/wp-json\/wp\/v2\/posts\/8001\/revisions"}],"predecessor-version":[{"id":8004,"href":"https:\/\/blogs.correiobraziliense.com.br\/vicente\/wp-json\/wp\/v2\/posts\/8001\/revisions\/8004"}],"wp:attachment":[{"href":"https:\/\/blogs.correiobraziliense.com.br\/vicente\/wp-json\/wp\/v2\/media?parent=8001"}],"wp:term":[{"taxonomy":"category","embeddable":true,"href":"https:\/\/blogs.correiobraziliense.com.br\/vicente\/wp-json\/wp\/v2\/categories?post=8001"},{"taxonomy":"post_tag","embeddable":true,"href":"https:\/\/blogs.correiobraziliense.com.br\/vicente\/wp-json\/wp\/v2\/tags?post=8001"}],"curies":[{"name":"wp","href":"https:\/\/api.w.org\/{rel}","templated":true}]}}