{"id":7978,"date":"2018-05-16T06:27:09","date_gmt":"2018-05-16T09:27:09","guid":{"rendered":"https:\/\/blogs.correiobraziliense.com.br\/vicente\/?p=7978"},"modified":"2018-05-16T11:36:05","modified_gmt":"2018-05-16T14:36:05","slug":"correio-economico-bc-pressionado-pelo-cambio","status":"publish","type":"post","link":"https:\/\/blogs.correiobraziliense.com.br\/vicente\/correio-economico-bc-pressionado-pelo-cambio\/","title":{"rendered":"Correio Econ\u00f4mico: BC pressionado pelo c\u00e2mbio"},"content":{"rendered":"<h2>ANTONIO TEM\u00d3TEO<\/h2>\n<h2><\/h2>\n<h2>O Banco Central j\u00e1 deixou claro que analisa, prioritariamente, as expectativas de infla\u00e7\u00e3o, o desempenho do \u00cdndice de Pre\u00e7os ao Consumidor Amplo (IPCA) e o n\u00edvel de atividade econ\u00f4mica para definir o corte da taxa b\u00e1sica de juros (Selic).<\/h2>\n<p>&nbsp;<\/p>\n<p>A autoridade monet\u00e1ria ainda sinalizou que as varia\u00e7\u00f5es do d\u00f3lar e o n\u00edvel de repasses cambiais para os pre\u00e7os s\u00e3o temas complexos, debatidos constantemente pela academia, sem uma conclus\u00e3o definitiva. O que a equipe de Ilan Goldfajn quer deixar claro \u00e9 que n\u00e3o far\u00e1 interven\u00e7\u00f5es para tentar conter a alta da moeda estrangeira, como era comum no governo petista.<\/p>\n<p>&nbsp;<\/p>\n<p>N\u00e3o ficou claro para o mercado e para quem acompanha o dia a dia do BC que a autoridade monet\u00e1ria s\u00f3 far\u00e1 interven\u00e7\u00f5es relevantes em momentos de grandes tens\u00f5es. Na avalia\u00e7\u00e3o da equipe de Goldfajn, esse n\u00e3o \u00e9 o caso agora.<\/p>\n<p>&nbsp;<\/p>\n<p>\u201cO c\u00e2mbio \u00e9 flutuante e n\u00e3o h\u00e1 por que cometer os mesmos erros do passado. O movimento de alta do d\u00f3lar \u00e9 global. N\u00e3o h\u00e1 uma fuga de capitais do pa\u00eds. Al\u00e9m disso, estamos preparados para qualquer choque\u201d, diz um t\u00e9cnico da equipe econ\u00f4mica.<\/p>\n<p>&nbsp;<\/p>\n<p><strong>Risco Brasil<\/strong><\/p>\n<p>&nbsp;<\/p>\n<p>Apesar disso, o d\u00f3lar terminou o preg\u00e3o de ter\u00e7a-feira (15\/05) em alta de, 0,5%, cotado a R$ 3,646. A moeda acumulou alta pelo terceiro dia de negocia\u00e7\u00e3o consecutivo. No m\u00eas, a divisa encareceu 4,53%; subiu 10,78% no ano e 17,85% em 12 meses. Para se ter uma ideia, o risco Brasil, apurado por meio dos Credit Default Swaps (CDS) de cinco anos, saltou para 189 pontos, indicando receio dos investidores.<\/p>\n<p>&nbsp;<\/p>\n<p>Os analistas da BB Investimentos Rafael Reis e Ricardo Vieites destacam que o pre\u00e7o da divisa norte-americana foi influenciado pela din\u00e2mica das expectativas do mercado para os juros da maior economia do mundo. Al\u00e9m de dados de varejo melhor do que o esperado para mar\u00e7o, os t\u00edtulos p\u00fablicos da na\u00e7\u00e3o apresentaram rendimentos superiores a 3%. Os investidores consideram o dado um ind\u00edcio de maior probabilidade de tr\u00eas altas da taxa de juros pelo Federal Reserve (Fed).<\/p>\n<p>&nbsp;<\/p>\n<p>Toda a tens\u00e3o tem levado o mercado a questionar se n\u00e3o seria hora de o BC elevar o n\u00edvel de interven\u00e7\u00f5es no mercado de c\u00e2mbio. Muitos questionam que o diferencial de juros entre o Brasil e os Estados Unidos encolher\u00e1 ainda mais a partir desta quarta-feira (16\/05), quando o Comit\u00ea de Pol\u00edtica Monet\u00e1ria (Copom) levar\u00e1 a Selic para 6,25% ao ano. E isso impulsionar\u00e1 uma fuga de recursos para os Estados Unidos. A equipe de Ilan Goldfajn ainda n\u00e3o sinalizou qualquer disposi\u00e7\u00e3o de mudar a estrat\u00e9gia adotada at\u00e9 agora.<\/p>\n<p>&nbsp;<\/p>\n<p>Entretanto, ainda n\u00e3o ficou claro se a o c\u00e2mbio ficar\u00e1 mais perto de R$ 3,70 ou flertar\u00e1 com os R$ 4. A tend\u00eancia \u00e9 de grande volatilidade nos pr\u00f3ximos meses, j\u00e1 que os principais favoritos para as elei\u00e7\u00f5es de 2018 s\u00e3o candidatos estranhos para o mercado e pouco comprometidos com a agenda de ajustes e reformas.<\/p>\n<p>&nbsp;<\/p>\n<p><em>Bras\u00edlia, 06h27min<\/em><\/p>\n","protected":false},"excerpt":{"rendered":"<p>ANTONIO TEM\u00d3TEO O Banco Central j\u00e1 deixou claro que analisa, prioritariamente, as expectativas de infla\u00e7\u00e3o, o desempenho do \u00cdndice de Pre\u00e7os ao Consumidor Amplo (IPCA) e o n\u00edvel de atividade econ\u00f4mica para definir o corte da taxa b\u00e1sica de juros (Selic). &nbsp; A autoridade monet\u00e1ria ainda sinalizou que as varia\u00e7\u00f5es do d\u00f3lar e o n\u00edvel [&hellip;]<\/p>\n","protected":false},"author":22,"featured_media":0,"comment_status":"open","ping_status":"closed","sticky":false,"template":"","format":"standard","meta":{"footnotes":""},"categories":[600],"tags":[3,849,343,363,14,4],"class_list":["post-7978","post","type-post","status-publish","format-standard","hentry","category-economia","tag-banco-central","tag-cambio","tag-dolar","tag-estados-unidos","tag-inflacao","tag-juros"],"_links":{"self":[{"href":"https:\/\/blogs.correiobraziliense.com.br\/vicente\/wp-json\/wp\/v2\/posts\/7978","targetHints":{"allow":["GET"]}}],"collection":[{"href":"https:\/\/blogs.correiobraziliense.com.br\/vicente\/wp-json\/wp\/v2\/posts"}],"about":[{"href":"https:\/\/blogs.correiobraziliense.com.br\/vicente\/wp-json\/wp\/v2\/types\/post"}],"author":[{"embeddable":true,"href":"https:\/\/blogs.correiobraziliense.com.br\/vicente\/wp-json\/wp\/v2\/users\/22"}],"replies":[{"embeddable":true,"href":"https:\/\/blogs.correiobraziliense.com.br\/vicente\/wp-json\/wp\/v2\/comments?post=7978"}],"version-history":[{"count":1,"href":"https:\/\/blogs.correiobraziliense.com.br\/vicente\/wp-json\/wp\/v2\/posts\/7978\/revisions"}],"predecessor-version":[{"id":7979,"href":"https:\/\/blogs.correiobraziliense.com.br\/vicente\/wp-json\/wp\/v2\/posts\/7978\/revisions\/7979"}],"wp:attachment":[{"href":"https:\/\/blogs.correiobraziliense.com.br\/vicente\/wp-json\/wp\/v2\/media?parent=7978"}],"wp:term":[{"taxonomy":"category","embeddable":true,"href":"https:\/\/blogs.correiobraziliense.com.br\/vicente\/wp-json\/wp\/v2\/categories?post=7978"},{"taxonomy":"post_tag","embeddable":true,"href":"https:\/\/blogs.correiobraziliense.com.br\/vicente\/wp-json\/wp\/v2\/tags?post=7978"}],"curies":[{"name":"wp","href":"https:\/\/api.w.org\/{rel}","templated":true}]}}