{"id":7976,"date":"2018-05-15T19:21:49","date_gmt":"2018-05-15T22:21:49","guid":{"rendered":"https:\/\/blogs.correiobraziliense.com.br\/vicente\/?p=7976"},"modified":"2018-05-15T20:13:00","modified_gmt":"2018-05-15T23:13:00","slug":"para-planalto-bc-tem-que-dar-mais-um-corte-nos-juros","status":"publish","type":"post","link":"https:\/\/blogs.correiobraziliense.com.br\/vicente\/para-planalto-bc-tem-que-dar-mais-um-corte-nos-juros\/","title":{"rendered":"Para Planalto, BC tem que dar mais um corte nos juros"},"content":{"rendered":"<h2>Nas movimenta\u00e7\u00f5es dentro do governo para enaltecer os dois anos de Michel Temer no comando do pa\u00eds, um assunto ganhou destaque: o corte da taxa b\u00e1sica de juros (Selic) que deve ser anunciado nesta quarta-feira (16\/05) pelo Banco Central. O Pal\u00e1cio do Planalto est\u00e1 convencido de que ainda h\u00e1 espa\u00e7o para uma redu\u00e7\u00e3o de mais 0,25 ponto percentual, para 6,25% ao ano, como j\u00e1 ressaltou o presidente da autoridade monet\u00e1ria, Ilan Goldfajn.<\/h2>\n<p>&nbsp;<\/p>\n<p>Assessores de Temer dizem que, a despeito da arrancada do d\u00f3lar, que caminha firme para os R$ 3,70, o impacto na infla\u00e7\u00e3o ser\u00e1 bem pequeno, pois n\u00e3o h\u00e1 espa\u00e7o para repasses de custos para os pre\u00e7os. A economia est\u00e1 crescendo, mas numa velocidade aqu\u00e9m da esperada. Ind\u00fastria e varejo, portanto, v\u00e3o preferir segurar reajustes para manter as vendas. &#8220;Neste momento, \u00e9 melhor sacrificar um pouco as margens de lucro do que ficar com as mercadorias encalhadas&#8221;, ressalta um dos auxiliares palacianos.<\/p>\n<p>&nbsp;<\/p>\n<p>Outro argumento usado pelo governo \u00e9 o de que o BC assumiu um discurso claro em favor de mais uma queda dos juros, tanto por meio de documentos quanto pelas falas de seus dirigentes. Mudar essa postura agora pode criar ainda mais ru\u00eddos no mercado. N\u00e3o se pode esquecer que a credibilidade da atual diretoria do Banco Central foi constru\u00edda na base de um di\u00e1logo transparente e firme com os agentes econ\u00f4micos. Ilan fez quest\u00e3o de sustentar uma boa comunica\u00e7\u00e3o, fundamental para o controle das expectativas. &#8220;N\u00e3o bastasse tudo isso, a infla\u00e7\u00e3o acumulada em 12 meses est\u00e1 abaixo do piso da meta, de 3%&#8221;, acrescenta outro t\u00e9cnico do governo.<\/p>\n<p>&nbsp;<\/p>\n<p><strong>Diverg\u00eancias<\/strong><\/p>\n<p>&nbsp;<\/p>\n<p>Os cr\u00edticos do BC no mercado afirmam, contudo, que, como toda a conjuntura mudou &#8211; o mundo ficou mais confuso e o d\u00f3lar disparou, al\u00e9m de ter aumentado a incerteza em rela\u00e7\u00e3o \u00e0s elei\u00e7\u00f5es no pa\u00eds -, n\u00e3o h\u00e1 porque a autoridade monet\u00e1ria se manter imut\u00e1vel. O papel do BC, dizem esses cr\u00edticos, \u00e9 de estar \u00e0 frente das tend\u00eancias, n\u00e3o atr\u00e1s, como se v\u00ea agora. &#8220;Quem acompanha o mercado futuro de juros sabe o quanto os investidores ficaram se rumo. De mar\u00e7o para c\u00e1, os contratos com vencimento em janeiro de 2025 saltaram de 9,42% para 10,10%, depois de bater em 10,27% ao ano&#8221;, afirma um analista.<\/p>\n<p>&nbsp;<\/p>\n<p>Para ele, \u00e9 melhor o BC ter cautela. &#8220;Mudar de opini\u00e3o faz parte do jogo. N\u00e3o \u00e9 um corte de 0,25 ponto que vai alterar o rumo da hist\u00f3ria. Ao n\u00e3o mexer na Selic, o BC dar\u00e1 um claro sinal de responsabilidade e o mercado tender\u00e1 a aplaudir a decis\u00e3o&#8221;, emenda um operador. H\u00e1 muito tempo uma decis\u00e3o do Comit\u00ea de Pol\u00edtica Monet\u00e1ria (Copom) n\u00e3o provoca tanta como\u00e7\u00e3o entre os especialistas.<\/p>\n<p>&nbsp;<\/p>\n<p><em>Bras\u00edlia, 19h21min<\/em><\/p>\n","protected":false},"excerpt":{"rendered":"<p>Nas movimenta\u00e7\u00f5es dentro do governo para enaltecer os dois anos de Michel Temer no comando do pa\u00eds, um assunto ganhou destaque: o corte da taxa b\u00e1sica de juros (Selic) que deve ser anunciado nesta quarta-feira (16\/05) pelo Banco Central. O Pal\u00e1cio do Planalto est\u00e1 convencido de que ainda h\u00e1 espa\u00e7o para uma redu\u00e7\u00e3o de mais [&hellip;]<\/p>\n","protected":false},"author":22,"featured_media":0,"comment_status":"open","ping_status":"closed","sticky":false,"template":"","format":"standard","meta":{"footnotes":""},"categories":[600],"tags":[],"class_list":["post-7976","post","type-post","status-publish","format-standard","hentry","category-economia"],"_links":{"self":[{"href":"https:\/\/blogs.correiobraziliense.com.br\/vicente\/wp-json\/wp\/v2\/posts\/7976","targetHints":{"allow":["GET"]}}],"collection":[{"href":"https:\/\/blogs.correiobraziliense.com.br\/vicente\/wp-json\/wp\/v2\/posts"}],"about":[{"href":"https:\/\/blogs.correiobraziliense.com.br\/vicente\/wp-json\/wp\/v2\/types\/post"}],"author":[{"embeddable":true,"href":"https:\/\/blogs.correiobraziliense.com.br\/vicente\/wp-json\/wp\/v2\/users\/22"}],"replies":[{"embeddable":true,"href":"https:\/\/blogs.correiobraziliense.com.br\/vicente\/wp-json\/wp\/v2\/comments?post=7976"}],"version-history":[{"count":1,"href":"https:\/\/blogs.correiobraziliense.com.br\/vicente\/wp-json\/wp\/v2\/posts\/7976\/revisions"}],"predecessor-version":[{"id":7977,"href":"https:\/\/blogs.correiobraziliense.com.br\/vicente\/wp-json\/wp\/v2\/posts\/7976\/revisions\/7977"}],"wp:attachment":[{"href":"https:\/\/blogs.correiobraziliense.com.br\/vicente\/wp-json\/wp\/v2\/media?parent=7976"}],"wp:term":[{"taxonomy":"category","embeddable":true,"href":"https:\/\/blogs.correiobraziliense.com.br\/vicente\/wp-json\/wp\/v2\/categories?post=7976"},{"taxonomy":"post_tag","embeddable":true,"href":"https:\/\/blogs.correiobraziliense.com.br\/vicente\/wp-json\/wp\/v2\/tags?post=7976"}],"curies":[{"name":"wp","href":"https:\/\/api.w.org\/{rel}","templated":true}]}}