{"id":7974,"date":"2018-05-12T09:28:57","date_gmt":"2018-05-12T12:28:57","guid":{"rendered":"https:\/\/blogs.correiobraziliense.com.br\/vicente\/?p=7974"},"modified":"2018-05-12T12:33:09","modified_gmt":"2018-05-12T15:33:09","slug":"icmbio-entra-na-barganha-politica-do-governo","status":"publish","type":"post","link":"https:\/\/blogs.correiobraziliense.com.br\/vicente\/icmbio-entra-na-barganha-politica-do-governo\/","title":{"rendered":"ICMBio entra na barganha pol\u00edtica do governo"},"content":{"rendered":"<p>O comando do ICMBio entrou na mira das barganhas entre o governo e a base aliada. Faz duas semanas que o cargo de presidente est\u00e1 vago com a ida de Ricardo Soavinski para a Sanepar, companhia de saneamento do Parar\u00e1.<\/p>\n<p>&nbsp;<\/p>\n<p>O candidato mais cotado para o cargo \u00e9 Moacir Bicalho, do Pros, citado como carregador de um pacote de dinheiro entregue ilegalmente pela Odebrecht ao partido na campanha de 2014.<\/p>\n<p>&nbsp;<\/p>\n<p><strong>De olho em R$ 1,2 bi<\/strong><\/p>\n<p>&nbsp;<\/p>\n<p>O ICMBio, antes desprezado, tornou-se atraente desde que foi aprovada a troca de multas ambientes por projetos de compensa\u00e7\u00e3o, com potencial de R$ 1,2 bilh\u00e3o na distribui\u00e7\u00e3o de recursos.<\/p>\n<p>&nbsp;<\/p>\n<p>Essa dinheirama chamou a aten\u00e7\u00e3o dos pol\u00edticos. Na briga, o Pros saiu na frente. Ao deixar o minist\u00e9rio do Meio Ambiente para sair candidato, Sarney Filho preferiu garantir o seu sucessor. E o ICMBio entrou na roda.<\/p>\n<p>&nbsp;<\/p>\n<p><em>Bras\u00edlia, 09h28min<\/em><\/p>\n","protected":false},"excerpt":{"rendered":"<p>O comando do ICMBio entrou na mira das barganhas entre o governo e a base aliada. Faz duas semanas que o cargo de presidente est\u00e1 vago com a ida de Ricardo Soavinski para a Sanepar, companhia de saneamento do Parar\u00e1. &nbsp; O candidato mais cotado para o cargo \u00e9 Moacir Bicalho, do Pros, citado como [&hellip;]<\/p>\n","protected":false},"author":22,"featured_media":0,"comment_status":"open","ping_status":"closed","sticky":false,"template":"","format":"standard","meta":{"footnotes":""},"categories":[600],"tags":[3359,3356,3357,1613,3358],"class_list":["post-7974","post","type-post","status-publish","format-standard","hentry","category-economia","tag-barganha","tag-icmbio","tag-moacir-bicalho","tag-odebrecht","tag-pros"],"_links":{"self":[{"href":"https:\/\/blogs.correiobraziliense.com.br\/vicente\/wp-json\/wp\/v2\/posts\/7974","targetHints":{"allow":["GET"]}}],"collection":[{"href":"https:\/\/blogs.correiobraziliense.com.br\/vicente\/wp-json\/wp\/v2\/posts"}],"about":[{"href":"https:\/\/blogs.correiobraziliense.com.br\/vicente\/wp-json\/wp\/v2\/types\/post"}],"author":[{"embeddable":true,"href":"https:\/\/blogs.correiobraziliense.com.br\/vicente\/wp-json\/wp\/v2\/users\/22"}],"replies":[{"embeddable":true,"href":"https:\/\/blogs.correiobraziliense.com.br\/vicente\/wp-json\/wp\/v2\/comments?post=7974"}],"version-history":[{"count":1,"href":"https:\/\/blogs.correiobraziliense.com.br\/vicente\/wp-json\/wp\/v2\/posts\/7974\/revisions"}],"predecessor-version":[{"id":7975,"href":"https:\/\/blogs.correiobraziliense.com.br\/vicente\/wp-json\/wp\/v2\/posts\/7974\/revisions\/7975"}],"wp:attachment":[{"href":"https:\/\/blogs.correiobraziliense.com.br\/vicente\/wp-json\/wp\/v2\/media?parent=7974"}],"wp:term":[{"taxonomy":"category","embeddable":true,"href":"https:\/\/blogs.correiobraziliense.com.br\/vicente\/wp-json\/wp\/v2\/categories?post=7974"},{"taxonomy":"post_tag","embeddable":true,"href":"https:\/\/blogs.correiobraziliense.com.br\/vicente\/wp-json\/wp\/v2\/tags?post=7974"}],"curies":[{"name":"wp","href":"https:\/\/api.w.org\/{rel}","templated":true}]}}