{"id":7972,"date":"2018-05-12T06:14:33","date_gmt":"2018-05-12T09:14:33","guid":{"rendered":"https:\/\/blogs.correiobraziliense.com.br\/vicente\/?p=7972"},"modified":"2018-05-12T12:23:25","modified_gmt":"2018-05-12T15:23:25","slug":"correio-economico-tem-que-prender-todo-mundo-diz-presidente-da-abrapp","status":"publish","type":"post","link":"https:\/\/blogs.correiobraziliense.com.br\/vicente\/correio-economico-tem-que-prender-todo-mundo-diz-presidente-da-abrapp\/","title":{"rendered":"Correio Econ\u00f4mico: &#8220;Tem que prender todo mundo&#8221;, diz presidente da Abrapp"},"content":{"rendered":"<h2>A corrup\u00e7\u00e3o nos fundos de pens\u00e3o de estatais parece n\u00e3o ter fim. Nos \u00faltimos dias, a Pol\u00edcia Federal comandou uma devassa na Refer, a funda\u00e7\u00e3o que deveria garantir o complemento de aposentadorias de funcion\u00e1rios da antiga Rede Ferrovi\u00e1ria Federal. Estima-se que investimentos de p\u00e9ssima qualidade tenham resultado em perdas de R$ 300 milh\u00f5es. As investiga\u00e7\u00f5es apontam que, dificilmente, esses recursos ser\u00e3o recuperados. A conta dos desvios acabar\u00e1 no Tesouro Nacional, que dever\u00e1 injetar R$ 1,7 bilh\u00e3o no fundo por meio de emiss\u00e3o de t\u00edtulos p\u00fablicos. Ou seja, mais d\u00edvida para o governo.<\/h2>\n<p>&nbsp;<\/p>\n<p>As irregularidades na Refer se somam aos desmandos na Petros (dos funcion\u00e1rios da Petrobras), no Postalis (dos Correios), na Funcef (da Caixa Econ\u00f4mica Federal) e no Serpros (do Serpro). A roubalheira nos fundos de pens\u00e3o foi poss\u00edvel, principalmente, gra\u00e7as \u00e0s indica\u00e7\u00f5es pol\u00edticas. Em vez de preservar o dinheiro dos trabalhadores, o governo decidiu ratear os comandos das funda\u00e7\u00f5es vinculadas a estatais entre os partidos da base aliada. PT e MDB ficaram com a maior fatia das entidades e n\u00e3o economizaram nos neg\u00f3cios que pudessem render propinas.<\/p>\n<p>&nbsp;<\/p>\n<p>Presidente da Associa\u00e7\u00e3o Brasileira das Entidades Fechadas de Previd\u00eancia Complementar (Abrapp), que re\u00fane os fundos de pens\u00e3o, Lu\u00eds Ricardo Marcondes Martins reconhece que as interfer\u00eancias pol\u00edticas fizeram muito mal ao setor. \u201cNa minha opini\u00e3o, tem que prender todo mundo que cometeu irregularidades\u201d, diz. Ele minimiza, por\u00e9m, os desvios que est\u00e3o obrigando os participantes da Petros, do Postalis e da Funcef a fazerem contribui\u00e7\u00f5es extras \u00e0s entidades como forma de garantirem que, quando se aposentarem, n\u00e3o ficar\u00e3o a ver navios. \u201cForam casos isolados, pontuais, exce\u00e7\u00f5es\u201d, afirma.<\/p>\n<p>&nbsp;<\/p>\n<p>Para ele, se tr\u00eas ou quatro fundos cometeram crimes, isso n\u00e3o pode punir um setor fundamental para o crescimento econ\u00f4mico do pa\u00eds. Com patrim\u00f4nio superior a R$ 800 bilh\u00f5es, as funda\u00e7\u00f5es tendem a ser as grandes financiadoras de projetos de infraestrutura. \u201cEstamos falando de 307 entidades, com 2,5 milh\u00f5es de participantes e 750 mil aposentados com renda m\u00e9dia mensal de R$ 6 mil\u201d, diz. Esse sistema, no entender dele, \u00e9 s\u00f3lido e tem apresentado, no conjunto, bons resultados. \u201cAgora, sempre \u00e9 poss\u00edvel aperfei\u00e7oar\u201d, frisa. Sobretudo no caso dos fundos de estatais, que exigem programas de governan\u00e7a mais efetivos para frear as interfer\u00eancias pol\u00edticas que j\u00e1 se mostraram perversas.<\/p>\n<p>&nbsp;<\/p>\n<p><strong>\u00c9 preciso confian\u00e7a<\/strong><\/p>\n<p>&nbsp;<\/p>\n<p>Martins admite que, por frequentarem constantemente as p\u00e1ginas policiais dos jornais, os fundos de pens\u00e3o afastam poss\u00edveis novos entrantes no sistema. Os trabalhadores ficam receosos em colocar dinheiro em uma funda\u00e7\u00e3o que, mais \u00e0 frente, pode virar alvo de devassa da Pol\u00edcia Federal e do Minist\u00e9rio P\u00fablico. N\u00e3o ser\u00e1 f\u00e1cil mudar essa imagem, mas, na vis\u00e3o do presidente da Abrapp, com mais transpar\u00eancia e efici\u00eancia, com pris\u00e3o de corruptos para servir de exemplo, os fundos ter\u00e3o condi\u00e7\u00f5es de mudar esse quadro. Ser\u00e1 preciso, tamb\u00e9m, blindar as entidades ligadas a estatais de indica\u00e7\u00f5es pol\u00edticas. \u201cIsso \u00e9 vital\u201d, assinala.<\/p>\n<p>&nbsp;<\/p>\n<p>Outro ponto importante para o combate \u00e0 corrup\u00e7\u00e3o nos fundos \u00e9 o fortalecimento da Previc, \u00f3rg\u00e3o respons\u00e1vel pela regula\u00e7\u00e3o e fiscaliza\u00e7\u00e3o do setor. Hoje, a estrutura da autarquia n\u00e3o consegue atender as demandas, e o trabalho dos fiscais acaba sendo limitado pelos constantes cortes de verbas. \u201cO ideal seria a Previc se tornar uma ag\u00eancia, o que lhe daria mais independ\u00eancia financeira\u201d, sugere o presidente da Abrapp.<\/p>\n<p>&nbsp;<\/p>\n<p>A boa not\u00edcia, acrescenta ele, \u00e9 que, independentemente das limita\u00e7\u00f5es do \u00f3rg\u00e3o regulador e dos problemas de corrup\u00e7\u00e3o verificados em algumas entidades, o n\u00edvel de solv\u00eancia do sistema \u00e9 elevad\u00edssimo. \u201cChega a 90%, patamar observado nos Estados Unidos\u201d, diz. Mas h\u00e1 muitos desafios pela frente. Se n\u00e3o agregar mais gente, as funda\u00e7\u00f5es ter\u00e3o tempo limitado de vida. Fala-se em sobrevida at\u00e9, no m\u00e1ximo, 2036. \u201cTemos que atrair os jovens. O modelo em vigor hoje \u00e9 muito complexo para eles. Precisamos de produtos diferenciados para esse p\u00fablico\u201d, afirma o executivo.<\/p>\n<p>&nbsp;<\/p>\n<p>A Abrapp tamb\u00e9m prega, como sobreviv\u00eancia, que as funda\u00e7\u00f5es possam agregar em seus quadros parentes de at\u00e9 terceiro grau dos participantes. Se tal possibilidade j\u00e1 estivesse valendo, o total de pessoas cobertas pelo sistema fechado de previd\u00eancia complementar poderia quadruplicar, ou seja, englobar um p\u00fablico de 10 milh\u00f5es de benefici\u00e1rios que teriam um adicional para refor\u00e7ar as aposentadorias pagas pelo Instituto Nacional do Seguro Social (INSS). Essa proposta, por sinal, j\u00e1 est\u00e1 em discuss\u00e3o. Mas que fique claro: nada ir\u00e1 adiante se os fundos n\u00e3o recuperarem seu maior patrim\u00f4nio: a confian\u00e7a.<\/p>\n<p>&nbsp;<\/p>\n<p>Bras\u00edlia,<\/p>\n","protected":false},"excerpt":{"rendered":"<p>A corrup\u00e7\u00e3o nos fundos de pens\u00e3o de estatais parece n\u00e3o ter fim. Nos \u00faltimos dias, a Pol\u00edcia Federal comandou uma devassa na Refer, a funda\u00e7\u00e3o que deveria garantir o complemento de aposentadorias de funcion\u00e1rios da antiga Rede Ferrovi\u00e1ria Federal. Estima-se que investimentos de p\u00e9ssima qualidade tenham resultado em perdas de R$ 300 milh\u00f5es. As investiga\u00e7\u00f5es [&hellip;]<\/p>\n","protected":false},"author":22,"featured_media":0,"comment_status":"open","ping_status":"closed","sticky":false,"template":"","format":"standard","meta":{"footnotes":""},"categories":[600],"tags":[193,255,109,178,371,259,3355,1198],"class_list":["post-7972","post","type-post","status-publish","format-standard","hentry","category-economia","tag-abrapp","tag-corrupcao","tag-funcef","tag-fundos-de-pensao","tag-petros","tag-postalis","tag-refer","tag-serpros"],"_links":{"self":[{"href":"https:\/\/blogs.correiobraziliense.com.br\/vicente\/wp-json\/wp\/v2\/posts\/7972","targetHints":{"allow":["GET"]}}],"collection":[{"href":"https:\/\/blogs.correiobraziliense.com.br\/vicente\/wp-json\/wp\/v2\/posts"}],"about":[{"href":"https:\/\/blogs.correiobraziliense.com.br\/vicente\/wp-json\/wp\/v2\/types\/post"}],"author":[{"embeddable":true,"href":"https:\/\/blogs.correiobraziliense.com.br\/vicente\/wp-json\/wp\/v2\/users\/22"}],"replies":[{"embeddable":true,"href":"https:\/\/blogs.correiobraziliense.com.br\/vicente\/wp-json\/wp\/v2\/comments?post=7972"}],"version-history":[{"count":1,"href":"https:\/\/blogs.correiobraziliense.com.br\/vicente\/wp-json\/wp\/v2\/posts\/7972\/revisions"}],"predecessor-version":[{"id":7973,"href":"https:\/\/blogs.correiobraziliense.com.br\/vicente\/wp-json\/wp\/v2\/posts\/7972\/revisions\/7973"}],"wp:attachment":[{"href":"https:\/\/blogs.correiobraziliense.com.br\/vicente\/wp-json\/wp\/v2\/media?parent=7972"}],"wp:term":[{"taxonomy":"category","embeddable":true,"href":"https:\/\/blogs.correiobraziliense.com.br\/vicente\/wp-json\/wp\/v2\/categories?post=7972"},{"taxonomy":"post_tag","embeddable":true,"href":"https:\/\/blogs.correiobraziliense.com.br\/vicente\/wp-json\/wp\/v2\/tags?post=7972"}],"curies":[{"name":"wp","href":"https:\/\/api.w.org\/{rel}","templated":true}]}}