{"id":7968,"date":"2018-05-11T21:50:17","date_gmt":"2018-05-12T00:50:17","guid":{"rendered":"https:\/\/blogs.correiobraziliense.com.br\/vicente\/?p=7968"},"modified":"2018-05-11T21:50:17","modified_gmt":"2018-05-12T00:50:17","slug":"geap-afirma-que-escolha-de-diretor-nao-fere-normas-da-operadora","status":"publish","type":"post","link":"https:\/\/blogs.correiobraziliense.com.br\/vicente\/geap-afirma-que-escolha-de-diretor-nao-fere-normas-da-operadora\/","title":{"rendered":"Geap afirma que escolha de diretor n\u00e3o fere normas da operadora"},"content":{"rendered":"<p>POR ANTONIO TEM\u00d3TEO<\/p>\n<p>&nbsp;<\/p>\n<p>O novo diretor-executivo da Geap Sa\u00fade, Oswaldo Luiz Estuque Garcia de Camargo, \u00e9 graduado em Administra\u00e7\u00e3o pela PUC de S\u00e3o Paulo, possui especializa\u00e7\u00f5es em Finan\u00e7as pela USP e em Gest\u00e3o de Equipes e Pessoas pelo Insper.<\/p>\n<p>&nbsp;<\/p>\n<p>Segundo a operadora do plano de sa\u00fade dos servidores p\u00fablicos, Camargo tem 47 anos e h\u00e1 25 atua nas \u00e1reas de opera\u00e7\u00f5es, neg\u00f3cios, relacionamento, administra\u00e7\u00e3o, finan\u00e7as e integra\u00e7\u00e3o de empresas. Tamb\u00e9m possui experi\u00eancia nos ramos de sa\u00fade e odontologia.<\/p>\n<p>&nbsp;<\/p>\n<p>O executivo passou pela Caixa Seguradora e durante 10 anos foi gestor administrativo e financeiro na empresa Integrated Health Holdings. A Geap ainda informou que a nomea\u00e7\u00e3o do executivo \u00e9 amparada pelo artigo 12, inciso XXIX do Regimento Interno do conselho de administra\u00e7\u00e3o.<span class=\"Apple-converted-space\">\u00a0<\/span><\/p>\n<p>&nbsp;<\/p>\n<p>O artigo, segundo a operadora, permite que o presidente do colegiado decida sobre qualquer mat\u00e9ria de urg\u00eancia, para que depois seja referendada pelos demais membros do conselho. \u201cPor essa raz\u00e3o, qualquer decis\u00e3o do presidente, que diga respeito a tema de urg\u00eancia, \u00e9 regular e j\u00e1 nasce plena e com efic\u00e1cia. Isso inclui as decis\u00f5es que se referem, por exemplo, ao afastamento ou \u00e0 contrata\u00e7\u00e3o de Diretor-Executivo. Essas decis\u00f5es s\u00e3o refor\u00e7adas de total legitimidade, tendo decorrido com amparo legal, estatut\u00e1rio e regimental\u201d, informou em nota.<\/p>\n<p>&nbsp;<\/p>\n","protected":false},"excerpt":{"rendered":"<p>POR ANTONIO TEM\u00d3TEO &nbsp; O novo diretor-executivo da Geap Sa\u00fade, Oswaldo Luiz Estuque Garcia de Camargo, \u00e9 graduado em Administra\u00e7\u00e3o pela PUC de S\u00e3o Paulo, possui especializa\u00e7\u00f5es em Finan\u00e7as pela USP e em Gest\u00e3o de Equipes e Pessoas pelo Insper. &nbsp; Segundo a operadora do plano de sa\u00fade dos servidores p\u00fablicos, Camargo tem 47 anos [&hellip;]<\/p>\n","protected":false},"author":22,"featured_media":0,"comment_status":"open","ping_status":"closed","sticky":false,"template":"","format":"standard","meta":{"footnotes":""},"categories":[600],"tags":[],"class_list":["post-7968","post","type-post","status-publish","format-standard","hentry","category-economia"],"_links":{"self":[{"href":"https:\/\/blogs.correiobraziliense.com.br\/vicente\/wp-json\/wp\/v2\/posts\/7968","targetHints":{"allow":["GET"]}}],"collection":[{"href":"https:\/\/blogs.correiobraziliense.com.br\/vicente\/wp-json\/wp\/v2\/posts"}],"about":[{"href":"https:\/\/blogs.correiobraziliense.com.br\/vicente\/wp-json\/wp\/v2\/types\/post"}],"author":[{"embeddable":true,"href":"https:\/\/blogs.correiobraziliense.com.br\/vicente\/wp-json\/wp\/v2\/users\/22"}],"replies":[{"embeddable":true,"href":"https:\/\/blogs.correiobraziliense.com.br\/vicente\/wp-json\/wp\/v2\/comments?post=7968"}],"version-history":[{"count":1,"href":"https:\/\/blogs.correiobraziliense.com.br\/vicente\/wp-json\/wp\/v2\/posts\/7968\/revisions"}],"predecessor-version":[{"id":7969,"href":"https:\/\/blogs.correiobraziliense.com.br\/vicente\/wp-json\/wp\/v2\/posts\/7968\/revisions\/7969"}],"wp:attachment":[{"href":"https:\/\/blogs.correiobraziliense.com.br\/vicente\/wp-json\/wp\/v2\/media?parent=7968"}],"wp:term":[{"taxonomy":"category","embeddable":true,"href":"https:\/\/blogs.correiobraziliense.com.br\/vicente\/wp-json\/wp\/v2\/categories?post=7968"},{"taxonomy":"post_tag","embeddable":true,"href":"https:\/\/blogs.correiobraziliense.com.br\/vicente\/wp-json\/wp\/v2\/tags?post=7968"}],"curies":[{"name":"wp","href":"https:\/\/api.w.org\/{rel}","templated":true}]}}