{"id":7967,"date":"2018-05-11T21:35:40","date_gmt":"2018-05-12T00:35:40","guid":{"rendered":"https:\/\/blogs.correiobraziliense.com.br\/vicente\/?p=7967"},"modified":"2018-05-11T21:52:36","modified_gmt":"2018-05-12T00:52:36","slug":"geap-garante-que-troca-de-diretor-executivo-esta-dentro-da-lei","status":"publish","type":"post","link":"https:\/\/blogs.correiobraziliense.com.br\/vicente\/geap-garante-que-troca-de-diretor-executivo-esta-dentro-da-lei\/","title":{"rendered":"Geap garante que troca de diretor executivo est\u00e1 dentro da lei"},"content":{"rendered":"<p>Principal plano de sa\u00fade dos servidores federais, a Geap Sa\u00fade diz, em nota, que a troca emergencial de seu diretor executivo, ocorrida nesta sexta-feira (11\/05), est\u00e1 prevista em seu estatuto. Nos \u00faltimos dias, o presidente interino do Conselho de Administra\u00e7\u00e3o da operadora,\u00a0Manoel Messias Boaventura de Novais, demitiu, de forma monocr\u00e1tica, Roberto Fontenele Candido e nomeou, para o lugar dele,\u00a0Oswaldo Luiz Estuque Garcia de Camargo.<\/p>\n<p>&nbsp;<\/p>\n<p>&#8220;A nomea\u00e7\u00e3o do novo diretor executivo \u00e9 amparada pelo artigo 12, inciso XXIX do Regimento Interno do Conselho de Administra\u00e7\u00e3o (Conad) da Geap. O artigo permite ao presidente do \u00f3rg\u00e3o decidir sobre qualquer mat\u00e9ria de urg\u00eancia, ad referendum do plen\u00e1rio. Por essa raz\u00e3o, qualquer decis\u00e3o do presidente, que diga respeito a tema de urg\u00eancia, \u00e9 regular e j\u00e1 nasce plena e com efic\u00e1cia. Isso inclui as decis\u00f5es que se referem, por exemplo, ao afastamento ou \u00e0 contrata\u00e7\u00e3o de diretor executivo. Essas decis\u00f5es s\u00e3o refor\u00e7adas de total legitimidade, tendo decorrido com amparo legal, estatut\u00e1rio e regimental&#8221;, afirma a Geap.<\/p>\n<p>&nbsp;<\/p>\n<p>Segundo a Geap Sa\u00fade, &#8220;cabe ao presidente do Conad uma atua\u00e7\u00e3o eficaz quanto \u00e0 manuten\u00e7\u00e3o das atividades da operadora. Desta forma, est\u00e3o mantidos, acima de tudo, o compromisso com a sa\u00fade e a qualidade de vida de cada benefici\u00e1rio, al\u00e9m da garantia da qualidade dos servi\u00e7os de assist\u00eancia, oferecidos por prestadores presentes em todo o Brasil&#8221;.<\/p>\n<p>&nbsp;<\/p>\n<p>Na mesma nota, a Geap tra\u00e7a um perfil de seu novo diretor executivo.<\/p>\n<p>&nbsp;<\/p>\n<p><em>&#8220;Oswaldo Luiz Estuque Garcia de Camargo, nasceu em S\u00e3o Paulo. \u00c9 graduado em Administra\u00e7\u00e3o de Empresas pela PUC-SP, possui especializa\u00e7\u00f5es em Finan\u00e7as pela FEA-USP, e em Gest\u00e3o de Equipes e Pessoas pelo Insper\/SP.<\/em><\/p>\n<p><em>Oswaldo tem 47 anos. H\u00e1 25, atua nas \u00e1reas de Opera\u00e7\u00f5es, Neg\u00f3cios, Relacionamento, Administrativo Financeiro e Integra\u00e7\u00e3o de Empresas. Tem vasta experi\u00eancia na condu\u00e7\u00e3o da presta\u00e7\u00e3o de servi\u00e7os nos ramos de Sa\u00fade e Odontologia.<\/em><\/p>\n<p><em>O executivo atuou na Gest\u00e3o de Unidade Operacional com dedica\u00e7\u00e3o exclusiva para a Caixa Seguradora, que possui mais de 580 mil benefici\u00e1rios, nas \u00e1reas de sa\u00fade e odontologia. Tamb\u00e9m possui experi\u00eancia em Regula\u00e7\u00e3o, Auditoria M\u00e9dica e Processamento de Contas.<\/em><\/p>\n<p><em>O novo diretor executivo \u00e9 especializado em Planejamento Estrat\u00e9gico de m\u00e9dio e longo prazo, com monitoramento para redu\u00e7\u00e3o de custos, otimiza\u00e7\u00e3o de rotinas de trabalho e cria\u00e7\u00e3o de indicadores de acompanhamento.<\/em><\/p>\n<p><em>Oswaldo Camargo trabalhou, durante 10 anos, como gestor administrativo e financeiro na empresa IHH &#8211; Integrated Health Holdings\/CRC Connectmed Consultoria e Administra\u00e7\u00e3o em Sa\u00fade Ltda. Tamb\u00e9m exerceu cargos de gest\u00e3o e diretoria em outras empresas de destaque no mercado brasileiro.<\/em><\/p>\n<p><em>Com mais de 72 anos de atua\u00e7\u00e3o, a Geap reafirma sua solidez, seu equil\u00edbrio econ\u00f4mico e financeiro, conquistado a partir de mudan\u00e7as estrat\u00e9gicas, implementadas ao longo dos \u00faltimos anos. Os resultados s\u00e3o percebidos na melhora cont\u00ednua dos servi\u00e7os prestados.&#8221;<\/em><\/p>\n<p>&nbsp;<\/p>\n<p><em>Bras\u00edlia, 21h35min<\/em><\/p>\n","protected":false},"excerpt":{"rendered":"<p>Principal plano de sa\u00fade dos servidores federais, a Geap Sa\u00fade diz, em nota, que a troca emergencial de seu diretor executivo, ocorrida nesta sexta-feira (11\/05), est\u00e1 prevista em seu estatuto. Nos \u00faltimos dias, o presidente interino do Conselho de Administra\u00e7\u00e3o da operadora,\u00a0Manoel Messias Boaventura de Novais, demitiu, de forma monocr\u00e1tica, Roberto Fontenele Candido e nomeou, [&hellip;]<\/p>\n","protected":false},"author":22,"featured_media":0,"comment_status":"open","ping_status":"closed","sticky":false,"template":"","format":"standard","meta":{"footnotes":""},"categories":[600],"tags":[2454,631,3303,262,3354,848],"class_list":["post-7967","post","type-post","status-publish","format-standard","hentry","category-economia","tag-diretor","tag-executivo","tag-fontenele","tag-geap","tag-oswaldo","tag-troca"],"_links":{"self":[{"href":"https:\/\/blogs.correiobraziliense.com.br\/vicente\/wp-json\/wp\/v2\/posts\/7967","targetHints":{"allow":["GET"]}}],"collection":[{"href":"https:\/\/blogs.correiobraziliense.com.br\/vicente\/wp-json\/wp\/v2\/posts"}],"about":[{"href":"https:\/\/blogs.correiobraziliense.com.br\/vicente\/wp-json\/wp\/v2\/types\/post"}],"author":[{"embeddable":true,"href":"https:\/\/blogs.correiobraziliense.com.br\/vicente\/wp-json\/wp\/v2\/users\/22"}],"replies":[{"embeddable":true,"href":"https:\/\/blogs.correiobraziliense.com.br\/vicente\/wp-json\/wp\/v2\/comments?post=7967"}],"version-history":[{"count":2,"href":"https:\/\/blogs.correiobraziliense.com.br\/vicente\/wp-json\/wp\/v2\/posts\/7967\/revisions"}],"predecessor-version":[{"id":7971,"href":"https:\/\/blogs.correiobraziliense.com.br\/vicente\/wp-json\/wp\/v2\/posts\/7967\/revisions\/7971"}],"wp:attachment":[{"href":"https:\/\/blogs.correiobraziliense.com.br\/vicente\/wp-json\/wp\/v2\/media?parent=7967"}],"wp:term":[{"taxonomy":"category","embeddable":true,"href":"https:\/\/blogs.correiobraziliense.com.br\/vicente\/wp-json\/wp\/v2\/categories?post=7967"},{"taxonomy":"post_tag","embeddable":true,"href":"https:\/\/blogs.correiobraziliense.com.br\/vicente\/wp-json\/wp\/v2\/tags?post=7967"}],"curies":[{"name":"wp","href":"https:\/\/api.w.org\/{rel}","templated":true}]}}