{"id":7942,"date":"2018-05-10T18:10:27","date_gmt":"2018-05-10T21:10:27","guid":{"rendered":"https:\/\/blogs.correiobraziliense.com.br\/vicente\/?p=7942"},"modified":"2018-05-10T18:57:26","modified_gmt":"2018-05-10T21:57:26","slug":"empresa-mais-valiosa-da-bolsa-petrobras-puxara-investimentos","status":"publish","type":"post","link":"https:\/\/blogs.correiobraziliense.com.br\/vicente\/empresa-mais-valiosa-da-bolsa-petrobras-puxara-investimentos\/","title":{"rendered":"Empresa mais valiosa da Bolsa, Petrobras puxar\u00e1 investimentos"},"content":{"rendered":"<h2>HAMILTON FERRARI<\/h2>\n<h2><\/h2>\n<h2>A Petrobras voltou a ser a empresa mais valiosa da Bolsa de Valores de S\u00e3o Paulo (B3). Somente nesta semana, o valor de mercado da estatal aumentou R$ 56,3 bilh\u00f5es, puxado, sobretudo, pela forte valoriza\u00e7\u00e3o do petr\u00f3leo no mercado internacional. Isso tem ajudado a recompor o caixa da companhia. Com a alta, a Petrobras passou a valer R$ 358,9 bilh\u00f5es, superando, depois de seis anos, a Ambev, cotada a R$ 342,7 bilh\u00f5es.<\/h2>\n<p>&nbsp;<\/p>\n<p>A expectativa dos analistas \u00e9 de que, com o caixa mais equilibrado, a Petrobras volte a ampliar os investimentos, fundamentais para impulsionar o Produto Interno Bruto (PIB). Dados mostram que, quando estava o auge, antes de ser saqueada pelos partidos pol\u00edticos e por empreiteiras, a cada R$ 1 investidor por ela outros R$ 3 eram agregados \u00e0 economia. \u00c9 uma locomotiva e tanto.<\/p>\n<p>&nbsp;<\/p>\n<p>Coincidentemente, quando come\u00e7ou a afundar, a Petrobras levou junto a economia. O pa\u00eds mergulhou na recess\u00e3o. A empresa, dizem os analistas, ainda est\u00e1 longe de voltar a ser o que j\u00e1 foi. Ficou muito menor para limpar toda a roubalheira descoberta por meio da Opera\u00e7\u00e3o Lava-Jato. Mas, certamente, saneada, ser\u00e1 de novo uma pot\u00eancia.<\/p>\n<p>&nbsp;<\/p>\n<p>Em entrevista ao <strong>Correio<\/strong> depois de assumir como presidente da Petrobras, Pedro Parente disse que limparia toda a &#8220;bandalheira&#8221; da empresa. Parece que conseguiu. Mas foi um processo dolorido, de muitos preju\u00edzos e que levaram \u00e0 venda de v\u00e1rios ativos. Os investidores souberam reconhecer todo o esfor\u00e7o que foi feito. Por isso, est\u00e3o pagando caro pelas a\u00e7\u00f5es da petroleira.<\/p>\n<p>&nbsp;<\/p>\n<p>Nesta quinta-feira (10\/05), as a\u00e7\u00f5es ordin\u00e1rias (com direito a votos) da Petrobras foram cotadas a R$ 28,84, com valoriza\u00e7\u00e3o de 5,95%. J\u00e1 as preferenciais subiram 3,91%, negociadas, no fim do preg\u00e3o paulista, a R$ 25,75. O desempenho dessas a\u00e7\u00f5es, que responderam por 27% do giro financeiro da Bolsa, fez com que o Ibovespa, principal \u00edndice de lucratividade do mercado acion\u00e1rio, subisse 1,89% no dia, para os 85.861 pontos.<\/p>\n<p>&nbsp;<\/p>\n<p><em>Bras\u00edlia,\u00a0 18h10min<\/em><\/p>\n","protected":false},"excerpt":{"rendered":"<p>HAMILTON FERRARI A Petrobras voltou a ser a empresa mais valiosa da Bolsa de Valores de S\u00e3o Paulo (B3). Somente nesta semana, o valor de mercado da estatal aumentou R$ 56,3 bilh\u00f5es, puxado, sobretudo, pela forte valoriza\u00e7\u00e3o do petr\u00f3leo no mercado internacional. Isso tem ajudado a recompor o caixa da companhia. Com a alta, a [&hellip;]<\/p>\n","protected":false},"author":22,"featured_media":0,"comment_status":"open","ping_status":"closed","sticky":false,"template":"","format":"standard","meta":{"footnotes":""},"categories":[600],"tags":[3349,2614,41,228,3348],"class_list":["post-7942","post","type-post","status-publish","format-standard","hentry","category-economia","tag-ambev","tag-estatal","tag-lava-jato","tag-petrobras","tag-valor-de-mercado"],"_links":{"self":[{"href":"https:\/\/blogs.correiobraziliense.com.br\/vicente\/wp-json\/wp\/v2\/posts\/7942","targetHints":{"allow":["GET"]}}],"collection":[{"href":"https:\/\/blogs.correiobraziliense.com.br\/vicente\/wp-json\/wp\/v2\/posts"}],"about":[{"href":"https:\/\/blogs.correiobraziliense.com.br\/vicente\/wp-json\/wp\/v2\/types\/post"}],"author":[{"embeddable":true,"href":"https:\/\/blogs.correiobraziliense.com.br\/vicente\/wp-json\/wp\/v2\/users\/22"}],"replies":[{"embeddable":true,"href":"https:\/\/blogs.correiobraziliense.com.br\/vicente\/wp-json\/wp\/v2\/comments?post=7942"}],"version-history":[{"count":1,"href":"https:\/\/blogs.correiobraziliense.com.br\/vicente\/wp-json\/wp\/v2\/posts\/7942\/revisions"}],"predecessor-version":[{"id":7943,"href":"https:\/\/blogs.correiobraziliense.com.br\/vicente\/wp-json\/wp\/v2\/posts\/7942\/revisions\/7943"}],"wp:attachment":[{"href":"https:\/\/blogs.correiobraziliense.com.br\/vicente\/wp-json\/wp\/v2\/media?parent=7942"}],"wp:term":[{"taxonomy":"category","embeddable":true,"href":"https:\/\/blogs.correiobraziliense.com.br\/vicente\/wp-json\/wp\/v2\/categories?post=7942"},{"taxonomy":"post_tag","embeddable":true,"href":"https:\/\/blogs.correiobraziliense.com.br\/vicente\/wp-json\/wp\/v2\/tags?post=7942"}],"curies":[{"name":"wp","href":"https:\/\/api.w.org\/{rel}","templated":true}]}}