{"id":7929,"date":"2018-05-09T17:48:50","date_gmt":"2018-05-09T20:48:50","guid":{"rendered":"https:\/\/blogs.correiobraziliense.com.br\/vicente\/?p=7929"},"modified":"2018-05-09T17:53:46","modified_gmt":"2018-05-09T20:53:46","slug":"economistas-reavaliam-corte-na-selic-apos-dolar-encostar-em-r-360","status":"publish","type":"post","link":"https:\/\/blogs.correiobraziliense.com.br\/vicente\/economistas-reavaliam-corte-na-selic-apos-dolar-encostar-em-r-360\/","title":{"rendered":"Economistas reavaliam corte na Selic ap\u00f3s d\u00f3lar encostar em R$ 3,60"},"content":{"rendered":"<h2>HAMILTON FERRARI E ROSANA HESSEL<\/h2>\n<h2><\/h2>\n<h2>O d\u00f3lar fechou o dia beirando os R$ 3,60, levando os economistas revisarem a expectativa de novo corte da Selic (taxa b\u00e1sica de juros) na pr\u00f3xima reuni\u00e3o do Comit\u00ea de Pol\u00edtica Monet\u00e1ria (Copom), que ocorre nos dias 15 e 16 de maio. O presidente do Banco Central, Ilan Goldfajn, tem dito que haver\u00e1 um redu\u00e7\u00e3o de 0,25 ponto percentual na Selic, saindo de 6,5% ao ano para 6,25% ao ano. Apesar disso, analistas estudam se n\u00e3o \u00e9 mais prudente interromper o ciclo de ajuste monet\u00e1rio.<\/h2>\n<p>&nbsp;<\/p>\n<p>Em meio \u00e0s incertezas no mercado interno e externo, a moeda norte-americana testou novo patamar acima de R$ 3,60, mas terminou o dia com alta de 0,67%, cotada a R$ 3,594. De um lado, o real se desvaloriza frente ao d\u00f3lar, pressionando a infla\u00e7\u00e3o. Do outro, a economia ainda caminha em passos lentos, o que ficou demonstrado na divulga\u00e7\u00e3o dos indicadores com os dados do primeiro trimestre deste ano.<\/p>\n<p>&nbsp;<\/p>\n<p>De acordo com o economista-chefe da Nova Futura, Pedro Paulo Silveira, o mercado j\u00e1 est\u00e1 contando na manuten\u00e7\u00e3o da Selic, apesar da sinaliza\u00e7\u00e3o dada pelo presidente do BC. \u201cNa minha vis\u00e3o, faz mais sentido num ambiente de incertezas maior deixar a Selic como est\u00e1, at\u00e9 porque s\u00e3o 0,25 ponto percentual, n\u00e3o \u00e9 um corte brutal. N\u00e3o vejo como algo muito prejudicial para o crescimento da economia\u201d, alegou.<\/p>\n<p>&nbsp;<\/p>\n<p>Outros analistas s\u00e3o mais enf\u00e1ticos. O economista e diretor-executivo da NGO Corretora de C\u00e2mbio, Sidnei Nehme, declarou que seria uma \u201cirresponsabilidade\u201d do BC reduzir a Selic em 0,25 ponto percentual em um momento de instabilidade no cen\u00e1rio externo. \u201cEspecialmente porque a autoridade monet\u00e1ria n\u00e3o tem tido pulso firme para pressionar os bancos a reduzir os spreads banc\u00e1rios. N\u00e3o tem cabimento os juros do cart\u00e3o de cr\u00e9dito estarem a mais 300% ao ano, enquanto a Selic est\u00e1 em 6,5% anuais\u201d, refor\u00e7ou.<\/p>\n<p>&nbsp;<\/p>\n<p>O Ibovespa, principal \u00edndice da Bolsa de Valores de S\u00e3o Paulo (B3) terminou o dia em alta de 1,44%, aos 84.149 pontos.<\/p>\n<p>&nbsp;<\/p>\n<p>Bras\u00edlia, 17h49min<\/p>\n","protected":false},"excerpt":{"rendered":"<p>HAMILTON FERRARI E ROSANA HESSEL O d\u00f3lar fechou o dia beirando os R$ 3,60, levando os economistas revisarem a expectativa de novo corte da Selic (taxa b\u00e1sica de juros) na pr\u00f3xima reuni\u00e3o do Comit\u00ea de Pol\u00edtica Monet\u00e1ria (Copom), que ocorre nos dias 15 e 16 de maio. O presidente do Banco Central, Ilan Goldfajn, tem [&hellip;]<\/p>\n","protected":false},"author":22,"featured_media":0,"comment_status":"open","ping_status":"closed","sticky":false,"template":"","format":"standard","meta":{"footnotes":""},"categories":[600],"tags":[849,99,343,2759,34],"class_list":["post-7929","post","type-post","status-publish","format-standard","hentry","category-economia","tag-cambio","tag-copom","tag-dolar","tag-moeda","tag-selic"],"_links":{"self":[{"href":"https:\/\/blogs.correiobraziliense.com.br\/vicente\/wp-json\/wp\/v2\/posts\/7929","targetHints":{"allow":["GET"]}}],"collection":[{"href":"https:\/\/blogs.correiobraziliense.com.br\/vicente\/wp-json\/wp\/v2\/posts"}],"about":[{"href":"https:\/\/blogs.correiobraziliense.com.br\/vicente\/wp-json\/wp\/v2\/types\/post"}],"author":[{"embeddable":true,"href":"https:\/\/blogs.correiobraziliense.com.br\/vicente\/wp-json\/wp\/v2\/users\/22"}],"replies":[{"embeddable":true,"href":"https:\/\/blogs.correiobraziliense.com.br\/vicente\/wp-json\/wp\/v2\/comments?post=7929"}],"version-history":[{"count":3,"href":"https:\/\/blogs.correiobraziliense.com.br\/vicente\/wp-json\/wp\/v2\/posts\/7929\/revisions"}],"predecessor-version":[{"id":7934,"href":"https:\/\/blogs.correiobraziliense.com.br\/vicente\/wp-json\/wp\/v2\/posts\/7929\/revisions\/7934"}],"wp:attachment":[{"href":"https:\/\/blogs.correiobraziliense.com.br\/vicente\/wp-json\/wp\/v2\/media?parent=7929"}],"wp:term":[{"taxonomy":"category","embeddable":true,"href":"https:\/\/blogs.correiobraziliense.com.br\/vicente\/wp-json\/wp\/v2\/categories?post=7929"},{"taxonomy":"post_tag","embeddable":true,"href":"https:\/\/blogs.correiobraziliense.com.br\/vicente\/wp-json\/wp\/v2\/tags?post=7929"}],"curies":[{"name":"wp","href":"https:\/\/api.w.org\/{rel}","templated":true}]}}