{"id":7924,"date":"2018-05-09T15:57:48","date_gmt":"2018-05-09T18:57:48","guid":{"rendered":"https:\/\/blogs.correiobraziliense.com.br\/vicente\/?p=7924"},"modified":"2018-05-09T16:20:02","modified_gmt":"2018-05-09T19:20:02","slug":"occhi-e-pressionado-por-parlamentares-para-suspender-nomeacoes-para-ans","status":"publish","type":"post","link":"https:\/\/blogs.correiobraziliense.com.br\/vicente\/occhi-e-pressionado-por-parlamentares-para-suspender-nomeacoes-para-ans\/","title":{"rendered":"Occhi \u00e9 pressionado por parlamentares para suspender nomea\u00e7\u00f5es para a ANS"},"content":{"rendered":"<h2>HAMILTON FERRARI<\/h2>\n<h2><\/h2>\n<h2>Durante audi\u00eancia p\u00fablica na C\u00e2mara, o ministro da Sa\u00fade, Gilberto Occhi, defendeu a indica\u00e7\u00e3o de Rog\u00e9rio Scarabel Barbosa e Davidson Tolentino de Almeida para a diretoria da Ag\u00eancia Nacional de Sa\u00fade Suplementar (ANS). Ele foi pressionado por parlamentares da oposi\u00e7\u00e3o que contestavam os nomes escolhidos pelo presidente Michel Temer.<\/h2>\n<p>&nbsp;<\/p>\n<p>Scarabel \u00e9 s\u00f3cio de escrit\u00f3rio de advocacia que defende os \u201cinteresses de empresas perante a ANS\u201d. J\u00e1 Tolentino foi assessor do deputado Eduardo da Fonte (PP-PE), que foi alvo da Opera\u00e7\u00e3o Lava-Jato.<\/p>\n<p>&nbsp;<\/p>\n<p>Os deputados Ivan Valente (PSOL-SP) e Paulo Foletto (PDT-ES) fora os mais incisivos. Segundo eles, n\u00e3o deveria ocorrer a sabatina. Os parlamentares tentam ingressar com representa\u00e7\u00e3o na Comiss\u00e3o de \u00c9tica da Casa. Os dois indicados ainda precisam ser sabatinados pelo Senado Federal.<\/p>\n<p>&nbsp;<\/p>\n<p>Occhi alegou que a audi\u00eancia p\u00fablica tamb\u00e9m serve para esclarecer a situa\u00e7\u00e3o. \u201cTemos que ter muito cuidado ao julgarmos as pessoas. N\u00f3s temos visto hoje um julgamento antecipado, pelas not\u00edcias que nos chegam\u201d, contestou o ministro.<\/p>\n<p>&nbsp;<\/p>\n<p>Ele declarou que os parlamentares est\u00e3o condenando os indicados de maneira antecipada, sem averigua\u00e7\u00e3o dos fatos. \u201cO processo que tem que ser feito \u00e9 de compet\u00eancia do Senado Federal. Vamos apurar e vamos dar oportunidade para que o possam se defender\u201d, defendeu. O Instituto Brasileiro de Defesa do Consumidor (Idec) e a Associa\u00e7\u00e3o Brasileira de Sa\u00fade Coletiva (Abrasco) tamb\u00e9m j\u00e1 se posicionaram contra os meses.<\/p>\n<p>&nbsp;<\/p>\n<p>Em resposta, a ANS declarou que as indica\u00e7\u00f5es para o cargo de direto s\u00e3o feitas pela Presid\u00eancia da Rep\u00fablica. &#8220;(Tais questionamentos)n\u00e3o cabem \u00e0 ANS e n\u00e3o nos posicionaremos a respeito&#8221;, informou.<\/p>\n","protected":false},"excerpt":{"rendered":"<p>HAMILTON FERRARI Durante audi\u00eancia p\u00fablica na C\u00e2mara, o ministro da Sa\u00fade, Gilberto Occhi, defendeu a indica\u00e7\u00e3o de Rog\u00e9rio Scarabel Barbosa e Davidson Tolentino de Almeida para a diretoria da Ag\u00eancia Nacional de Sa\u00fade Suplementar (ANS). Ele foi pressionado por parlamentares da oposi\u00e7\u00e3o que contestavam os nomes escolhidos pelo presidente Michel Temer. &nbsp; Scarabel \u00e9 s\u00f3cio [&hellip;]<\/p>\n","protected":false},"author":22,"featured_media":0,"comment_status":"open","ping_status":"closed","sticky":false,"template":"","format":"standard","meta":{"footnotes":""},"categories":[600],"tags":[711,3119,3346,3345],"class_list":["post-7924","post","type-post","status-publish","format-standard","hentry","category-economia","tag-ans","tag-diretoria","tag-indicacoes","tag-occhi"],"_links":{"self":[{"href":"https:\/\/blogs.correiobraziliense.com.br\/vicente\/wp-json\/wp\/v2\/posts\/7924","targetHints":{"allow":["GET"]}}],"collection":[{"href":"https:\/\/blogs.correiobraziliense.com.br\/vicente\/wp-json\/wp\/v2\/posts"}],"about":[{"href":"https:\/\/blogs.correiobraziliense.com.br\/vicente\/wp-json\/wp\/v2\/types\/post"}],"author":[{"embeddable":true,"href":"https:\/\/blogs.correiobraziliense.com.br\/vicente\/wp-json\/wp\/v2\/users\/22"}],"replies":[{"embeddable":true,"href":"https:\/\/blogs.correiobraziliense.com.br\/vicente\/wp-json\/wp\/v2\/comments?post=7924"}],"version-history":[{"count":3,"href":"https:\/\/blogs.correiobraziliense.com.br\/vicente\/wp-json\/wp\/v2\/posts\/7924\/revisions"}],"predecessor-version":[{"id":7927,"href":"https:\/\/blogs.correiobraziliense.com.br\/vicente\/wp-json\/wp\/v2\/posts\/7924\/revisions\/7927"}],"wp:attachment":[{"href":"https:\/\/blogs.correiobraziliense.com.br\/vicente\/wp-json\/wp\/v2\/media?parent=7924"}],"wp:term":[{"taxonomy":"category","embeddable":true,"href":"https:\/\/blogs.correiobraziliense.com.br\/vicente\/wp-json\/wp\/v2\/categories?post=7924"},{"taxonomy":"post_tag","embeddable":true,"href":"https:\/\/blogs.correiobraziliense.com.br\/vicente\/wp-json\/wp\/v2\/tags?post=7924"}],"curies":[{"name":"wp","href":"https:\/\/api.w.org\/{rel}","templated":true}]}}