{"id":7920,"date":"2018-05-09T12:10:28","date_gmt":"2018-05-09T15:10:28","guid":{"rendered":"https:\/\/blogs.correiobraziliense.com.br\/vicente\/?p=7920"},"modified":"2018-05-09T12:10:28","modified_gmt":"2018-05-09T15:10:28","slug":"diretor-de-controle-de-qualidade-tambem-e-demitido-da-geap","status":"publish","type":"post","link":"https:\/\/blogs.correiobraziliense.com.br\/vicente\/diretor-de-controle-de-qualidade-tambem-e-demitido-da-geap\/","title":{"rendered":"Diretor de Controle de Qualidade tamb\u00e9m \u00e9 demitido da Geap"},"content":{"rendered":"<p>POR ANTONIO TEM\u00d3TEO<\/p>\n<p>&nbsp;<\/p>\n<p>O diretor de Controle de Qualidade da Geap Sa\u00fade, Gilton Paiva Lima, tamb\u00e9m foi demitido pelo conselho de administra\u00e7\u00e3o do plano de sa\u00fade. A Geap confirmou o afastamento de Lima e, em nota, informou que o diretor-executivo, Roberto S\u00e9rgio Fontenele Candido, tamb\u00e9m foi demitido.<\/p>\n<p>&nbsp;<\/p>\n<p>A operadora destacou que a decis\u00e3o do colegiado foi tomada diante das declara\u00e7\u00f5es de Fontenele, que acusou m\u00e9dicos e hospitais de roubarem planos de sa\u00fade. \u201cA Geap sempre norteou sua rela\u00e7\u00e3o com benefici\u00e1rios, m\u00e9dicos e prestadores, atrav\u00e9s da \u00e9tica, transpar\u00eancia e profissionalismo. E assim continuar\u00e1\u201d, informou o comunicado.<\/p>\n<p>&nbsp;<\/p>\n<p>Leia abaixo a nota completa:<\/p>\n<p>&nbsp;<\/p>\n<p><em>A Geap Autogest\u00e3o em Sa\u00fade comunica o afastamento do Sr. Roberto S\u00e9rgio Fontenele Candido, da Diretoria Executiva da Operadora. A decis\u00e3o do Conselho de Administra\u00e7\u00e3o (Conad) foi adotada devido \u00e0s declara\u00e7\u00f5es do Ex-Diretor, que se tornaram p\u00fablicas, atrav\u00e9s da imprensa. A Geap sempre norteou sua rela\u00e7\u00e3o com benefici\u00e1rios, m\u00e9dicos e prestadores, atrav\u00e9s da \u00e9tica, transpar\u00eancia e profissionalismo. E assim continuar\u00e1.<\/em><\/p>\n<p>&nbsp;<\/p>\n<p><em>Com mais de 72 anos de atua\u00e7\u00e3o no Brasil, a Geap \u00e9 reconhecida como uma das maiores operadoras em autogest\u00e3o do pa\u00eds. A empresa se alegra e se orgulha de acolher e cuidar de mais de 450 mil pessoas. E \u00e9 essa confian\u00e7a depositada por milhares de fam\u00edlias brasileiras, que nos motiva a continuar um trabalho, que nos tornou refer\u00eancia no cuidado \u00e0 sa\u00fade de servidores p\u00fablicos.<\/em><\/p>\n","protected":false},"excerpt":{"rendered":"<p>POR ANTONIO TEM\u00d3TEO &nbsp; O diretor de Controle de Qualidade da Geap Sa\u00fade, Gilton Paiva Lima, tamb\u00e9m foi demitido pelo conselho de administra\u00e7\u00e3o do plano de sa\u00fade. A Geap confirmou o afastamento de Lima e, em nota, informou que o diretor-executivo, Roberto S\u00e9rgio Fontenele Candido, tamb\u00e9m foi demitido. &nbsp; A operadora destacou que a decis\u00e3o [&hellip;]<\/p>\n","protected":false},"author":22,"featured_media":0,"comment_status":"open","ping_status":"closed","sticky":false,"template":"","format":"standard","meta":{"footnotes":""},"categories":[600],"tags":[3343,262,3344],"class_list":["post-7920","post","type-post","status-publish","format-standard","hentry","category-economia","tag-diretor-de-controle-de-qualidade-da-geap-saude","tag-geap","tag-gilton-paiva-lima"],"_links":{"self":[{"href":"https:\/\/blogs.correiobraziliense.com.br\/vicente\/wp-json\/wp\/v2\/posts\/7920","targetHints":{"allow":["GET"]}}],"collection":[{"href":"https:\/\/blogs.correiobraziliense.com.br\/vicente\/wp-json\/wp\/v2\/posts"}],"about":[{"href":"https:\/\/blogs.correiobraziliense.com.br\/vicente\/wp-json\/wp\/v2\/types\/post"}],"author":[{"embeddable":true,"href":"https:\/\/blogs.correiobraziliense.com.br\/vicente\/wp-json\/wp\/v2\/users\/22"}],"replies":[{"embeddable":true,"href":"https:\/\/blogs.correiobraziliense.com.br\/vicente\/wp-json\/wp\/v2\/comments?post=7920"}],"version-history":[{"count":1,"href":"https:\/\/blogs.correiobraziliense.com.br\/vicente\/wp-json\/wp\/v2\/posts\/7920\/revisions"}],"predecessor-version":[{"id":7921,"href":"https:\/\/blogs.correiobraziliense.com.br\/vicente\/wp-json\/wp\/v2\/posts\/7920\/revisions\/7921"}],"wp:attachment":[{"href":"https:\/\/blogs.correiobraziliense.com.br\/vicente\/wp-json\/wp\/v2\/media?parent=7920"}],"wp:term":[{"taxonomy":"category","embeddable":true,"href":"https:\/\/blogs.correiobraziliense.com.br\/vicente\/wp-json\/wp\/v2\/categories?post=7920"},{"taxonomy":"post_tag","embeddable":true,"href":"https:\/\/blogs.correiobraziliense.com.br\/vicente\/wp-json\/wp\/v2\/tags?post=7920"}],"curies":[{"name":"wp","href":"https:\/\/api.w.org\/{rel}","templated":true}]}}