{"id":7904,"date":"2018-05-08T19:06:33","date_gmt":"2018-05-08T22:06:33","guid":{"rendered":"https:\/\/blogs.correiobraziliense.com.br\/vicente\/?p=7904"},"modified":"2018-05-08T21:16:08","modified_gmt":"2018-05-09T00:16:08","slug":"dyogo-pede-dedicacao-funcionarios-do-bndes","status":"publish","type":"post","link":"https:\/\/blogs.correiobraziliense.com.br\/vicente\/dyogo-pede-dedicacao-funcionarios-do-bndes\/","title":{"rendered":"Dyogo pede dedica\u00e7\u00e3o a funcion\u00e1rios do BNDES"},"content":{"rendered":"<h2>Na tentativa de atrair o apoio dos funcion\u00e1rios do Banco Nacional de Desenvolvimento Econ\u00f4mico e Social (BNDES), o presidente da institui\u00e7\u00e3o, Dyogo Oliveira, assumiu a postura de animador de audit\u00f3rio.<\/h2>\n<p>&nbsp;<\/p>\n<p>Ele e os diretores do banco promoveram nesta ter\u00e7a-feira (8\/5) um bate papo com os funcion\u00e1rios da institui\u00e7\u00e3o. A ideia foi um talk show com perguntas da plateia. Dyogo pediu aos presentes ajuda para recuperar a imagem da institui\u00e7\u00e3o, que foi arranhada por investiga\u00e7\u00f5es da Lava-Jato.<\/p>\n<p>&nbsp;<\/p>\n<p><a href=\"https:\/\/blogs.correiobraziliense.com.br\/vicente\/wp-content\/uploads\/sites\/16\/2018\/05\/DyogoBNDES.jpg\" rel=\"attachment wp-att-7905\"><img loading=\"lazy\" decoding=\"async\" class=\"alignnone size-large wp-image-7905\" src=\"https:\/\/blogs.correiobraziliense.com.br\/vicente\/wp-content\/uploads\/sites\/16\/2018\/05\/DyogoBNDES-1024x768.jpg\" alt=\"DyogoBNDES\" width=\"1024\" height=\"768\" srcset=\"https:\/\/blogs.correiobraziliense.com.br\/vicente\/wp-content\/uploads\/sites\/16\/2018\/05\/DyogoBNDES-1024x768.jpg 1024w, https:\/\/blogs.correiobraziliense.com.br\/vicente\/wp-content\/uploads\/sites\/16\/2018\/05\/DyogoBNDES-300x225.jpg 300w, https:\/\/blogs.correiobraziliense.com.br\/vicente\/wp-content\/uploads\/sites\/16\/2018\/05\/DyogoBNDES-768x576.jpg 768w, https:\/\/blogs.correiobraziliense.com.br\/vicente\/wp-content\/uploads\/sites\/16\/2018\/05\/DyogoBNDES-350x263.jpg 350w, https:\/\/blogs.correiobraziliense.com.br\/vicente\/wp-content\/uploads\/sites\/16\/2018\/05\/DyogoBNDES-550x413.jpg 550w, https:\/\/blogs.correiobraziliense.com.br\/vicente\/wp-content\/uploads\/sites\/16\/2018\/05\/DyogoBNDES-230x173.jpg 230w, https:\/\/blogs.correiobraziliense.com.br\/vicente\/wp-content\/uploads\/sites\/16\/2018\/05\/DyogoBNDES.jpg 1032w\" sizes=\"auto, (max-width: 1024px) 100vw, 1024px\" \/><\/a><\/p>\n<p>&nbsp;<\/p>\n<p>Para Dyogo, o momento exige dedica\u00e7\u00e3o. E refor\u00e7ou aos &#8220;benedenses&#8221; que, at\u00e9 agora, nada ficou provado contra o corpo funcional do banco. Taxa de Longo Prazo (TLP), microcr\u00e9dito e estrutura\u00e7\u00e3o de projetos de infraestrutura tamb\u00e9m entraram na conversa.<\/p>\n<p>&nbsp;<\/p>\n<p><em>Bras\u00edlia, 19h06min<\/em><\/p>\n","protected":false},"excerpt":{"rendered":"<p>Na tentativa de atrair o apoio dos funcion\u00e1rios do Banco Nacional de Desenvolvimento Econ\u00f4mico e Social (BNDES), o presidente da institui\u00e7\u00e3o, Dyogo Oliveira, assumiu a postura de animador de audit\u00f3rio. &nbsp; Ele e os diretores do banco promoveram nesta ter\u00e7a-feira (8\/5) um bate papo com os funcion\u00e1rios da institui\u00e7\u00e3o. A ideia foi um talk show [&hellip;]<\/p>\n","protected":false},"author":22,"featured_media":0,"comment_status":"open","ping_status":"closed","sticky":false,"template":"","format":"standard","meta":{"footnotes":""},"categories":[600],"tags":[],"class_list":["post-7904","post","type-post","status-publish","format-standard","hentry","category-economia"],"_links":{"self":[{"href":"https:\/\/blogs.correiobraziliense.com.br\/vicente\/wp-json\/wp\/v2\/posts\/7904","targetHints":{"allow":["GET"]}}],"collection":[{"href":"https:\/\/blogs.correiobraziliense.com.br\/vicente\/wp-json\/wp\/v2\/posts"}],"about":[{"href":"https:\/\/blogs.correiobraziliense.com.br\/vicente\/wp-json\/wp\/v2\/types\/post"}],"author":[{"embeddable":true,"href":"https:\/\/blogs.correiobraziliense.com.br\/vicente\/wp-json\/wp\/v2\/users\/22"}],"replies":[{"embeddable":true,"href":"https:\/\/blogs.correiobraziliense.com.br\/vicente\/wp-json\/wp\/v2\/comments?post=7904"}],"version-history":[{"count":1,"href":"https:\/\/blogs.correiobraziliense.com.br\/vicente\/wp-json\/wp\/v2\/posts\/7904\/revisions"}],"predecessor-version":[{"id":7906,"href":"https:\/\/blogs.correiobraziliense.com.br\/vicente\/wp-json\/wp\/v2\/posts\/7904\/revisions\/7906"}],"wp:attachment":[{"href":"https:\/\/blogs.correiobraziliense.com.br\/vicente\/wp-json\/wp\/v2\/media?parent=7904"}],"wp:term":[{"taxonomy":"category","embeddable":true,"href":"https:\/\/blogs.correiobraziliense.com.br\/vicente\/wp-json\/wp\/v2\/categories?post=7904"},{"taxonomy":"post_tag","embeddable":true,"href":"https:\/\/blogs.correiobraziliense.com.br\/vicente\/wp-json\/wp\/v2\/tags?post=7904"}],"curies":[{"name":"wp","href":"https:\/\/api.w.org\/{rel}","templated":true}]}}