{"id":7902,"date":"2018-05-08T15:49:07","date_gmt":"2018-05-08T18:49:07","guid":{"rendered":"https:\/\/blogs.correiobraziliense.com.br\/vicente\/?p=7902"},"modified":"2018-05-08T18:29:24","modified_gmt":"2018-05-08T21:29:24","slug":"fazenda-reduzira-projecao-de-crescimento-deste-ano-para-25","status":"publish","type":"post","link":"https:\/\/blogs.correiobraziliense.com.br\/vicente\/fazenda-reduzira-projecao-de-crescimento-deste-ano-para-25\/","title":{"rendered":"Fazenda reduzir\u00e1 proje\u00e7\u00e3o de crescimento deste ano para 2,5%"},"content":{"rendered":"<h2>Se nada mudar na rota tra\u00e7ada at\u00e9 agora, o ministro da Fazenda, Eduardo Guardia, deve anunciar, em 22 de maio, a nova previs\u00e3o de crescimento para a economia neste ano: 2,5%, \u00edndice menor que os 3% estimados atualmente no Projeto de Lei de Diretrizes Or\u00e7ament\u00e1rias (PLDO). Apesar de a not\u00edcia ser ruim, pois enterrar\u00e1 a promessa de uma retomada mais forte da economia, a Fazenda prefere manter os p\u00e9s da realidade para n\u00e3o estimular desconfian\u00e7as mais \u00e0 frente.<\/h2>\n<p>&nbsp;<\/p>\n<p>Quando o governo anunciou a previs\u00e3o de crescimento de 3% para este ano, j\u00e1 houve muita chiadeira no mercado. As cr\u00edticas apontavam que a Fazenda e o Planejamento estariam inflando receitas para tornar mais fact\u00edvel o cumprimento da meta fiscal, de deficit de at\u00e9 R$ 159 bilh\u00f5es. Como a ritmo de expans\u00e3o do Produto Interno Bruto (PIB) desacelerou muito, n\u00e3o h\u00e1 mais porque insistir em uma proje\u00e7\u00e3o improv\u00e1vel, que gera distor\u00e7\u00f5es nas receitas e torna a administra\u00e7\u00e3o do Or\u00e7amento irreal.<\/p>\n<p>&nbsp;<\/p>\n<p>A nova previs\u00e3o para o o PIB, de alta de 2,5%, vir\u00e1 no relat\u00f3rio bimestral de avalia\u00e7\u00e3o de despesas e receitas, a ser divulgado em 22 de maio. &#8220;Com essa previs\u00e3o, vamos ficar mais pr\u00f3ximos da realidade. Todo o mercado est\u00e1 revisando para baixo o desempenho da economia&#8221;, afirma um t\u00e9cnico da equipe econ\u00f4mica que vem trabalhando com os n\u00fameros. &#8220;Estamos refazendo todas as contas. Tudo o que queremos \u00e9 passar confian\u00e7a em rela\u00e7\u00e3o aos n\u00fameros&#8221;, acrescenta.<\/p>\n<p>&nbsp;<\/p>\n<p>O mesmo t\u00e9cnico n\u00e3o descarta a possibilidade de, mais \u00e0 frente, a Fazenda e o Planejamento terem\u00a0 que revisar novamente para baixo a previs\u00e3o do PIB. &#8220;N\u00e3o podemos esquecer que o quadro internacional mudou muito nas \u00faltimas semanas. Tudo conspira para um n\u00edvel de atividade menor no mundo. Estamos vendo d\u00f3lar em alta, petr\u00f3leo se valorizando, juros subindo mais que o esperado nos Estados Unidos&#8221;, destaca. Tudo isso, segundo ele, afeta o Brasil. &#8220;Perdemos uma alavanca importante. E ainda temos uma elei\u00e7\u00e3o totalmente incerta pela frente.&#8221;<\/p>\n<p>&nbsp;<\/p>\n<p>Com a previs\u00e3o de crescimento menor, a Fazenda se aproxima do mercado, com proje\u00e7\u00e3o de 2,7% para o PIB, e do Banco Central, que estima, oficialmente, alta de 2,6%. O BC sabe que, mais \u00e0 frente, tamb\u00e9m ter\u00e1 que reduzir sua previs\u00e3o. Pelos indicadores j\u00e1 colhidos, o crescimento deste ano est\u00e1 mais pr\u00f3ximo de 2%.<\/p>\n","protected":false},"excerpt":{"rendered":"<p>Se nada mudar na rota tra\u00e7ada at\u00e9 agora, o ministro da Fazenda, Eduardo Guardia, deve anunciar, em 22 de maio, a nova previs\u00e3o de crescimento para a economia neste ano: 2,5%, \u00edndice menor que os 3% estimados atualmente no Projeto de Lei de Diretrizes Or\u00e7ament\u00e1rias (PLDO). Apesar de a not\u00edcia ser ruim, pois enterrar\u00e1 a [&hellip;]<\/p>\n","protected":false},"author":22,"featured_media":0,"comment_status":"open","ping_status":"closed","sticky":false,"template":"","format":"standard","meta":{"footnotes":""},"categories":[600],"tags":[113,2650,567,3252,14,4,58],"class_list":["post-7902","post","type-post","status-publish","format-standard","hentry","category-economia","tag-crescimento","tag-eduardo","tag-fazenda","tag-guardia","tag-inflacao","tag-juros","tag-pib"],"_links":{"self":[{"href":"https:\/\/blogs.correiobraziliense.com.br\/vicente\/wp-json\/wp\/v2\/posts\/7902","targetHints":{"allow":["GET"]}}],"collection":[{"href":"https:\/\/blogs.correiobraziliense.com.br\/vicente\/wp-json\/wp\/v2\/posts"}],"about":[{"href":"https:\/\/blogs.correiobraziliense.com.br\/vicente\/wp-json\/wp\/v2\/types\/post"}],"author":[{"embeddable":true,"href":"https:\/\/blogs.correiobraziliense.com.br\/vicente\/wp-json\/wp\/v2\/users\/22"}],"replies":[{"embeddable":true,"href":"https:\/\/blogs.correiobraziliense.com.br\/vicente\/wp-json\/wp\/v2\/comments?post=7902"}],"version-history":[{"count":1,"href":"https:\/\/blogs.correiobraziliense.com.br\/vicente\/wp-json\/wp\/v2\/posts\/7902\/revisions"}],"predecessor-version":[{"id":7903,"href":"https:\/\/blogs.correiobraziliense.com.br\/vicente\/wp-json\/wp\/v2\/posts\/7902\/revisions\/7903"}],"wp:attachment":[{"href":"https:\/\/blogs.correiobraziliense.com.br\/vicente\/wp-json\/wp\/v2\/media?parent=7902"}],"wp:term":[{"taxonomy":"category","embeddable":true,"href":"https:\/\/blogs.correiobraziliense.com.br\/vicente\/wp-json\/wp\/v2\/categories?post=7902"},{"taxonomy":"post_tag","embeddable":true,"href":"https:\/\/blogs.correiobraziliense.com.br\/vicente\/wp-json\/wp\/v2\/tags?post=7902"}],"curies":[{"name":"wp","href":"https:\/\/api.w.org\/{rel}","templated":true}]}}