{"id":7895,"date":"2018-05-07T10:31:27","date_gmt":"2018-05-07T13:31:27","guid":{"rendered":"https:\/\/blogs.correiobraziliense.com.br\/vicente\/?p=7895"},"modified":"2018-05-07T11:32:48","modified_gmt":"2018-05-07T14:32:48","slug":"coluna-no-correio-precisamos-falar-sobre-bolsonaro","status":"publish","type":"post","link":"https:\/\/blogs.correiobraziliense.com.br\/vicente\/coluna-no-correio-precisamos-falar-sobre-bolsonaro\/","title":{"rendered":"Coluna no Correio: Precisamos falar sobre Bolsonaro"},"content":{"rendered":"<h2>LEONARDO CAVALCANTI<\/h2>\n<h2><\/h2>\n<h2>H\u00e1 um certo consenso entre analistas pol\u00edticos e marqueteiros quando o assunto \u00e9 Jair Bolsonaro. Seja por f\u00e9 nos dados eleitorais, seja por simples torcida, a expectativa \u00e9 a de que o deputado federal perca for\u00e7a com a proximidade do primeiro turno. Na l\u00f3gica \u2014 ou simples vontade \u2014, o pol\u00edtico tende a diminuir de tamanho sem a polariza\u00e7\u00e3o com o ex-presidente Luiz In\u00e1cio Lula da Silva, com o pouco tempo de televis\u00e3o e, por fim, pela pr\u00f3pria fragilidade de propostas, que se resumem a um discurso agressivo na \u00e1rea de seguran\u00e7a p\u00fablica. A quest\u00e3o a partir daqui \u00e9 saber qual o tamanho dessa queda, caso ela ocorra.<\/h2>\n<p>&nbsp;<\/p>\n<p>A partir da pesquisa Datafolha e de entrevistas com quem acompanha o cen\u00e1rio eleitoral, \u00e9 poss\u00edvel chegar a algumas considera\u00e7\u00f5es. Com a margem de erro, Bolsonaro teria entre 13% e 19% das inten\u00e7\u00f5es de voto, no pior e no melhor cen\u00e1rio para ele. O instituto fez varia\u00e7\u00f5es com e sem Lula na disputa mostrando que, em todas as testagens, o pol\u00edtico fluminense mant\u00e9m \u00edndices entre 15% e 17%. A pergunta \u00e9: qual a fidelidade dos eleitores que dizem votar em Bolsonaro com o candidato? Sim, \u00e9 isso que est\u00e1 em jogo, pois o pol\u00edtico s\u00f3 perder\u00e1 votos de quem o apoia sem tanta certeza ou se mostra pouco comprometido.<\/p>\n<p>&nbsp;<\/p>\n<p>E aqui temos o primeiro problema para os advers\u00e1rios de Bolsonaro. Analistas e marqueteiros entrevistados por esta coluna acreditam que pelo menos 70% dos que dizem votar hoje no deputado s\u00e3o fi\u00e9is e n\u00e3o mudar\u00e3o de voto. Como as respostas foram emp\u00edricas, os nomes dos interlocutores ser\u00e3o mantidos em sigilo. Mas de qualquer maneira \u00e9 poss\u00edvel avaliar o tamanho da encrenca. Se for considerado o atual percentual de Bolsonaro, ele teria, no pior cen\u00e1rio, caso perca eleitores, entre 9% e 12% das inten\u00e7\u00f5es de votos, o que o garantiria no m\u00ednimo um empate t\u00e9cnico com Marina Silva (Rede) e Joaquim Barbosa (PSB), a depender da testagem. Isso d\u00e1 ele mais de 14 milh\u00f5es de votos.<\/p>\n<p>&nbsp;<\/p>\n<p><strong>Na luz<\/strong><\/p>\n<p>&nbsp;<\/p>\n<p>Como j\u00e1 foi tratado neste espa\u00e7o, a esquerda e parte da imprensa sempre acreditaram que evitar Bolsonaro seria a melhor estrat\u00e9gia. O deputado, entretanto, cresceu independentemente do tratamento recebido, apoiando-se em parte no conservadorismo e no descr\u00e9dito do eleitor com a pol\u00edtica. O n\u00famero de militares que ser\u00e3o candidato este ano nos estados \u00e9 uma das provas de que a pol\u00edtica no Brasil mudou, por mais que esse fen\u00f4meno \u2014 do justiceiro \u2014 j\u00e1 tenha sido observado com deputados vindos da pol\u00edcia e do Minist\u00e9rio P\u00fablico.<\/p>\n<p>&nbsp;<\/p>\n<p>\u00c9 bom lembrar que pr\u00f3prio ministro aposentado do Supremo Joaquim Barbosa representa tal anseio da popula\u00e7\u00e3o. Mas, no caso do ex-magistrado, pelo menos em rela\u00e7\u00e3o aos analistas, h\u00e1 poucas desconfian\u00e7as quanto ao potencial, caso queira entrar em campo de verdade.<\/p>\n<p>&nbsp;<\/p>\n<p>O fato \u00e9 que o eleitor de Bolsonaro ainda est\u00e1 longe de abandonar o candidato, o que pode o levar a um segundo turno, no qual o jogo zera e os candidatos t\u00eam o mesmo tempo nos programas eleitorais e nos debates. N\u00e3o considerar Bolsonaro hoje \u00e9 apostar que, na luz, ele se revelar\u00e1 um pol\u00edtico raso, sem qualquer preparo para ser presidente da Rep\u00fablica.<\/p>\n<p>&nbsp;<\/p>\n<p>A pr\u00f3xima quest\u00e3o \u00e9: por que n\u00e3o come\u00e7ar a tratar dessa fragilidade desde agora? Esquecer os n\u00fameros apresentados pelo deputado \u00e9 brincar na beira do precip\u00edcio.<\/p>\n<p>&nbsp;<\/p>\n<p><strong>Novo CCP<\/strong><\/p>\n<p>&nbsp;<\/p>\n<p>Entre quarta (09) e quinta-feira (10), ocorre o semin\u00e1rio do novo C\u00f3digo de Processo Penal, no audit\u00f3rio do t\u00e9rreo da OAB-DF, na 516 Norte. Entre os palestrantes, pol\u00edticos, magistrados, ex-ministros, defensores p\u00fablicos, promotores e advogados criminalistas.<\/p>\n<p>&nbsp;<\/p>\n<p><em>Bras\u00edlia, 10h31min<\/em><\/p>\n","protected":false},"excerpt":{"rendered":"<p>LEONARDO CAVALCANTI H\u00e1 um certo consenso entre analistas pol\u00edticos e marqueteiros quando o assunto \u00e9 Jair Bolsonaro. Seja por f\u00e9 nos dados eleitorais, seja por simples torcida, a expectativa \u00e9 a de que o deputado federal perca for\u00e7a com a proximidade do primeiro turno. Na l\u00f3gica \u2014 ou simples vontade \u2014, o pol\u00edtico tende a [&hellip;]<\/p>\n","protected":false},"author":22,"featured_media":0,"comment_status":"open","ping_status":"closed","sticky":false,"template":"","format":"standard","meta":{"footnotes":""},"categories":[600],"tags":[2554,665,3335,846,2691],"class_list":["post-7895","post","type-post","status-publish","format-standard","hentry","category-economia","tag-bolsonaro","tag-eleicoes","tag-joaquim-barbosa","tag-presidencia-da-republica","tag-votos"],"_links":{"self":[{"href":"https:\/\/blogs.correiobraziliense.com.br\/vicente\/wp-json\/wp\/v2\/posts\/7895","targetHints":{"allow":["GET"]}}],"collection":[{"href":"https:\/\/blogs.correiobraziliense.com.br\/vicente\/wp-json\/wp\/v2\/posts"}],"about":[{"href":"https:\/\/blogs.correiobraziliense.com.br\/vicente\/wp-json\/wp\/v2\/types\/post"}],"author":[{"embeddable":true,"href":"https:\/\/blogs.correiobraziliense.com.br\/vicente\/wp-json\/wp\/v2\/users\/22"}],"replies":[{"embeddable":true,"href":"https:\/\/blogs.correiobraziliense.com.br\/vicente\/wp-json\/wp\/v2\/comments?post=7895"}],"version-history":[{"count":2,"href":"https:\/\/blogs.correiobraziliense.com.br\/vicente\/wp-json\/wp\/v2\/posts\/7895\/revisions"}],"predecessor-version":[{"id":7897,"href":"https:\/\/blogs.correiobraziliense.com.br\/vicente\/wp-json\/wp\/v2\/posts\/7895\/revisions\/7897"}],"wp:attachment":[{"href":"https:\/\/blogs.correiobraziliense.com.br\/vicente\/wp-json\/wp\/v2\/media?parent=7895"}],"wp:term":[{"taxonomy":"category","embeddable":true,"href":"https:\/\/blogs.correiobraziliense.com.br\/vicente\/wp-json\/wp\/v2\/categories?post=7895"},{"taxonomy":"post_tag","embeddable":true,"href":"https:\/\/blogs.correiobraziliense.com.br\/vicente\/wp-json\/wp\/v2\/tags?post=7895"}],"curies":[{"name":"wp","href":"https:\/\/api.w.org\/{rel}","templated":true}]}}