{"id":7890,"date":"2018-05-06T22:18:22","date_gmt":"2018-05-07T01:18:22","guid":{"rendered":"https:\/\/blogs.correiobraziliense.com.br\/vicente\/?p=7890"},"modified":"2018-05-06T22:56:48","modified_gmt":"2018-05-07T01:56:48","slug":"semana-sera-de-mais-aumento-no-preco-da-gasolina","status":"publish","type":"post","link":"https:\/\/blogs.correiobraziliense.com.br\/vicente\/semana-sera-de-mais-aumento-no-preco-da-gasolina\/","title":{"rendered":"Semana ser\u00e1 de mais aumento no pre\u00e7o da gasolina"},"content":{"rendered":"<h2>HAMILTON FERRARI<\/h2>\n<h2><\/h2>\n<h2>Os motoristas que j\u00e1 est\u00e3o assustados com os pre\u00e7os da gasolina devem se preparar para mais impacto no bolso. Com a decis\u00e3o da Petrobras de reajustar o combust\u00edvel nas refinarias no s\u00e1bado (5\/5), os donos de postos come\u00e7aram a mudar os valores nas bombas. J\u00e1 h\u00e1 postos na Asa Norte, na Asa Sul, no Lago Norte e no Lago Sul vendendo o litro da gasolina entre R$ 4,40 e R$ 4,60.<\/h2>\n<p>&nbsp;<\/p>\n<p><a href=\"https:\/\/blogs.correiobraziliense.com.br\/vicente\/wp-content\/uploads\/sites\/16\/2018\/05\/Gasolina449.jpg\" rel=\"attachment wp-att-7892\"><img loading=\"lazy\" decoding=\"async\" class=\"alignnone size-large wp-image-7892\" src=\"https:\/\/blogs.correiobraziliense.com.br\/vicente\/wp-content\/uploads\/sites\/16\/2018\/05\/Gasolina449-1024x768.jpg\" alt=\"Gasolina449\" width=\"1024\" height=\"768\" srcset=\"https:\/\/blogs.correiobraziliense.com.br\/vicente\/wp-content\/uploads\/sites\/16\/2018\/05\/Gasolina449-1024x768.jpg 1024w, https:\/\/blogs.correiobraziliense.com.br\/vicente\/wp-content\/uploads\/sites\/16\/2018\/05\/Gasolina449-300x225.jpg 300w, https:\/\/blogs.correiobraziliense.com.br\/vicente\/wp-content\/uploads\/sites\/16\/2018\/05\/Gasolina449-768x576.jpg 768w, https:\/\/blogs.correiobraziliense.com.br\/vicente\/wp-content\/uploads\/sites\/16\/2018\/05\/Gasolina449-350x263.jpg 350w, https:\/\/blogs.correiobraziliense.com.br\/vicente\/wp-content\/uploads\/sites\/16\/2018\/05\/Gasolina449-550x413.jpg 550w, https:\/\/blogs.correiobraziliense.com.br\/vicente\/wp-content\/uploads\/sites\/16\/2018\/05\/Gasolina449-230x173.jpg 230w, https:\/\/blogs.correiobraziliense.com.br\/vicente\/wp-content\/uploads\/sites\/16\/2018\/05\/Gasolina449.jpg 1280w\" sizes=\"auto, (max-width: 1024px) 100vw, 1024px\" \/><\/a><\/p>\n<p>&nbsp;<\/p>\n<p>Gerentes de postos dizem que a ordem \u00e9 repassar para os consumidores todos os aumentos anunciados pela Petrobras. Eles alegam que os estabelecimentos est\u00e3o trabalhando com margens muito reduzidas para absorverem os reajustes feitos pela estatal. Em \u00c1guas Claras, por exemplo, postos que vinham mantendo os pre\u00e7os da gasolina abaixo de R$ 4 passaram a cobrar R$ 4,049 o litro.<\/p>\n<p>&nbsp;<\/p>\n<p>&#8220;Est\u00e1 dif\u00edcil a vida. Sou motorista do Uber e n\u00e3o estou aguentando tanto reajuste. A gasolina subiu demais&#8221;, diz Heitor Santos, 37 anos. &#8220;At\u00e9 a semana passada, ainda era poss\u00edvel encher o tanque pagando R$ 3,97, R$ 3,99, pelo litro do combust\u00edvel. Agora, a grande maioria dos postos est\u00e1 cobrando mais de R$ 4&#8221;, afirma.<\/p>\n<p>&nbsp;<\/p>\n<p>Dados divulgados pela Petrobras refor\u00e7am o que diz Heitor. Desde julho de 2017, quando a estatal colocou em pr\u00e1tica a atual pol\u00edtica de reajustes de combust\u00edveis, a gasolina j\u00e1 ficou 38,4% mais cara. A justificativa da empresa \u00e9 a de que a cota\u00e7\u00e3o do petr\u00f3leo subiu no exterior e o d\u00f3lar rompeu a casa dos R$ 3,50.<\/p>\n<p>&nbsp;<\/p>\n<p>A empresa justifica que os ajustes quase que di\u00e1rios nos pre\u00e7os dos combust\u00edveis (para cima ou para baixo) fazem parte das regras de mercado. N\u00e3o h\u00e1 mais como a companhia ver seus custos aumentarem e n\u00e3o repassar aos consumidores. Durante um bom tempo do governo de Dilma Rousseff, a Petrobras segurou os pre\u00e7os da gasolina para n\u00e3o pressionar a infla\u00e7\u00e3o. Por causa disso, acumulou grandes preju\u00edzos.<\/p>\n<p>&nbsp;<\/p>\n<p>Parte do governo anda incomodada com os aumentos constantes dos pre\u00e7os da gasolina. Mas a Petrobras j\u00e1 avisou que manter\u00e1 intacta a atual pol\u00edtica de reajuste, que tem sido fundamental para recuperar a sua sa\u00fade financeira.<\/p>\n<p>&nbsp;<\/p>\n<p><em>Bras\u00edlia,\u00a0 22h18min<\/em><\/p>\n","protected":false},"excerpt":{"rendered":"<p>HAMILTON FERRARI Os motoristas que j\u00e1 est\u00e3o assustados com os pre\u00e7os da gasolina devem se preparar para mais impacto no bolso. Com a decis\u00e3o da Petrobras de reajustar o combust\u00edvel nas refinarias no s\u00e1bado (5\/5), os donos de postos come\u00e7aram a mudar os valores nas bombas. J\u00e1 h\u00e1 postos na Asa Norte, na Asa Sul, [&hellip;]<\/p>\n","protected":false},"author":22,"featured_media":0,"comment_status":"open","ping_status":"closed","sticky":false,"template":"","format":"standard","meta":{"footnotes":""},"categories":[600],"tags":[133,998,268,228,390,264],"class_list":["post-7890","post","type-post","status-publish","format-standard","hentry","category-economia","tag-aumento","tag-combustiveis","tag-gasolina","tag-petrobras","tag-precos","tag-reajuste"],"_links":{"self":[{"href":"https:\/\/blogs.correiobraziliense.com.br\/vicente\/wp-json\/wp\/v2\/posts\/7890","targetHints":{"allow":["GET"]}}],"collection":[{"href":"https:\/\/blogs.correiobraziliense.com.br\/vicente\/wp-json\/wp\/v2\/posts"}],"about":[{"href":"https:\/\/blogs.correiobraziliense.com.br\/vicente\/wp-json\/wp\/v2\/types\/post"}],"author":[{"embeddable":true,"href":"https:\/\/blogs.correiobraziliense.com.br\/vicente\/wp-json\/wp\/v2\/users\/22"}],"replies":[{"embeddable":true,"href":"https:\/\/blogs.correiobraziliense.com.br\/vicente\/wp-json\/wp\/v2\/comments?post=7890"}],"version-history":[{"count":3,"href":"https:\/\/blogs.correiobraziliense.com.br\/vicente\/wp-json\/wp\/v2\/posts\/7890\/revisions"}],"predecessor-version":[{"id":7894,"href":"https:\/\/blogs.correiobraziliense.com.br\/vicente\/wp-json\/wp\/v2\/posts\/7890\/revisions\/7894"}],"wp:attachment":[{"href":"https:\/\/blogs.correiobraziliense.com.br\/vicente\/wp-json\/wp\/v2\/media?parent=7890"}],"wp:term":[{"taxonomy":"category","embeddable":true,"href":"https:\/\/blogs.correiobraziliense.com.br\/vicente\/wp-json\/wp\/v2\/categories?post=7890"},{"taxonomy":"post_tag","embeddable":true,"href":"https:\/\/blogs.correiobraziliense.com.br\/vicente\/wp-json\/wp\/v2\/tags?post=7890"}],"curies":[{"name":"wp","href":"https:\/\/api.w.org\/{rel}","templated":true}]}}