{"id":7873,"date":"2018-05-03T11:54:07","date_gmt":"2018-05-03T14:54:07","guid":{"rendered":"https:\/\/blogs.correiobraziliense.com.br\/vicente\/?p=7873"},"modified":"2018-05-03T11:58:16","modified_gmt":"2018-05-03T14:58:16","slug":"dia-das-maes-deve-movimentar-r-17-bilhoes-no-comercio-diz-spc-brasil","status":"publish","type":"post","link":"https:\/\/blogs.correiobraziliense.com.br\/vicente\/dia-das-maes-deve-movimentar-r-17-bilhoes-no-comercio-diz-spc-brasil\/","title":{"rendered":"Dia das M\u00e3es deve movimentar R$ 17 bilh\u00f5es no com\u00e9rcio, diz SPC Brasil"},"content":{"rendered":"<h2>HAMILTON FERRRARI<\/h2>\n<h2><\/h2>\n<h2>As vendas no Dia das M\u00e3es devem movimentar cerca de R$ 17 bilh\u00f5es no com\u00e9rcio, segundo levantamento feito pelo Servi\u00e7o de Prote\u00e7\u00e3o ao Cr\u00e9dito (SPC Brasil). \u00c9 esperado que 74% dos brasileiros comprem ao menos uma lembrancinha. Ou seja, aproximadamente 111,5 milh\u00f5es de pessoas n\u00e3o querem deixar passar em branco.<\/h2>\n<p>&nbsp;<\/p>\n<p>A data \u00e9 a segunda mais importante para o varejo em quest\u00e3o de faturamento. O Dia das M\u00e3es deste ano ser\u00e1 no dia 13 de maio. Apesar da expectativa para as compras, os consumidores est\u00e3o cuidadosos com os pre\u00e7os. Cerca de 36% dos entrevistados pretendem gastar a mesma quantia que foi paga em 2017.<\/p>\n<p>&nbsp;<\/p>\n<p>Outros 19% garantem que v\u00e3o aumentar as despesas com o presente, porque a maioria est\u00e1 buscando produtos melhores para as m\u00e3es (58%). Cerca de 18% querem diminuir as despesas, sendo que, um dos motivos \u00e9 o valor caro das mercadorias.<\/p>\n<p>&nbsp;<\/p>\n<p>A pesquisa revela que 36% dos entrevistados j\u00e1 est\u00e3o com d\u00edvidas em atraso e 20% costumam gastar mais do que podem. Do total de consumidores que compraram presente nos Dias das M\u00e3es do ano passado, 21% ficaram com nome sujo ap\u00f3s a data.<\/p>\n<p>&nbsp;<\/p>\n<p>O levantamento mostrou ainda que 44% das pessoas v\u00e3o comprar apenas um produto. O gasto m\u00e9dio dos consumidores nas lojas ser\u00e1 de R$ 153. O pagamento \u00e0 vista ser\u00e1 o mais utilizado (por 53% dos entrevistados). J\u00e1 28% dos entrevistados v\u00e3o recorrer ao cart\u00e3o de cr\u00e9dito parcelado. Al\u00e9m disso, 83% dos consumidores pretendem comprar o presente sem ajuda de outras pessoas.<\/p>\n<p>&nbsp;<\/p>\n<p>Para isso, 80% dos entrevistaram garantiram que v\u00e3o fazer pesquisa de pre\u00e7os antes de efetuar a compra. A maioria (73%) vai utilizar sites da internet para isso. Entre as mercadorias mais visadas est\u00e3o: roupas (42%), perfumes (36%), cal\u00e7ados (23%) e cosm\u00e9ticos (21%). Tamb\u00e9m participa do levantamento a Confedera\u00e7\u00e3o Nacional de Dirigentes Lojistas (CNDL).<\/p>\n<p>&nbsp;<\/p>\n<p>As entidades entrevistaram 767 casos para a pesquisa. As margens de erro s\u00e3o de 3,5 a 4 pontos percentuais. A confian\u00e7a \u00e9 de 95%.<\/p>\n<p>&nbsp;<\/p>\n<p><em>Bras\u00edlia, 11h52min<\/em><\/p>\n","protected":false},"excerpt":{"rendered":"<p>HAMILTON FERRRARI As vendas no Dia das M\u00e3es devem movimentar cerca de R$ 17 bilh\u00f5es no com\u00e9rcio, segundo levantamento feito pelo Servi\u00e7o de Prote\u00e7\u00e3o ao Cr\u00e9dito (SPC Brasil). \u00c9 esperado que 74% dos brasileiros comprem ao menos uma lembrancinha. Ou seja, aproximadamente 111,5 milh\u00f5es de pessoas n\u00e3o querem deixar passar em branco. &nbsp; A data [&hellip;]<\/p>\n","protected":false},"author":22,"featured_media":0,"comment_status":"open","ping_status":"closed","sticky":false,"template":"","format":"standard","meta":{"footnotes":""},"categories":[600],"tags":[334,3329,3330,3291,1342],"class_list":["post-7873","post","type-post","status-publish","format-standard","hentry","category-economia","tag-comercio","tag-dia-das-maes","tag-presente","tag-spc-brasil","tag-varejo"],"_links":{"self":[{"href":"https:\/\/blogs.correiobraziliense.com.br\/vicente\/wp-json\/wp\/v2\/posts\/7873","targetHints":{"allow":["GET"]}}],"collection":[{"href":"https:\/\/blogs.correiobraziliense.com.br\/vicente\/wp-json\/wp\/v2\/posts"}],"about":[{"href":"https:\/\/blogs.correiobraziliense.com.br\/vicente\/wp-json\/wp\/v2\/types\/post"}],"author":[{"embeddable":true,"href":"https:\/\/blogs.correiobraziliense.com.br\/vicente\/wp-json\/wp\/v2\/users\/22"}],"replies":[{"embeddable":true,"href":"https:\/\/blogs.correiobraziliense.com.br\/vicente\/wp-json\/wp\/v2\/comments?post=7873"}],"version-history":[{"count":3,"href":"https:\/\/blogs.correiobraziliense.com.br\/vicente\/wp-json\/wp\/v2\/posts\/7873\/revisions"}],"predecessor-version":[{"id":7876,"href":"https:\/\/blogs.correiobraziliense.com.br\/vicente\/wp-json\/wp\/v2\/posts\/7873\/revisions\/7876"}],"wp:attachment":[{"href":"https:\/\/blogs.correiobraziliense.com.br\/vicente\/wp-json\/wp\/v2\/media?parent=7873"}],"wp:term":[{"taxonomy":"category","embeddable":true,"href":"https:\/\/blogs.correiobraziliense.com.br\/vicente\/wp-json\/wp\/v2\/categories?post=7873"},{"taxonomy":"post_tag","embeddable":true,"href":"https:\/\/blogs.correiobraziliense.com.br\/vicente\/wp-json\/wp\/v2\/tags?post=7873"}],"curies":[{"name":"wp","href":"https:\/\/api.w.org\/{rel}","templated":true}]}}