{"id":7863,"date":"2018-04-27T22:13:14","date_gmt":"2018-04-28T01:13:14","guid":{"rendered":"https:\/\/blogs.correiobraziliense.com.br\/vicente\/?p=7863"},"modified":"2018-04-28T11:59:05","modified_gmt":"2018-04-28T14:59:05","slug":"fhc-diz-estar-triste-por-aecio-e-azeredo-assim-como-ficou-por-lula","status":"publish","type":"post","link":"https:\/\/blogs.correiobraziliense.com.br\/vicente\/fhc-diz-estar-triste-por-aecio-e-azeredo-assim-como-ficou-por-lula\/","title":{"rendered":"FHC diz estar triste por A\u00e9cio e Azeredo, assim como ficou por Lula"},"content":{"rendered":"<p><strong>Nova York \u2013<\/strong> A sobreviv\u00eancia do PSDB vai depender da mensagem que o partido passar para o povo, disse o ex-presidente Fernando Henrique Cardoso em r\u00e1pida entrevista ao <strong>Correio<\/strong>\u00a0na sede da Organiza\u00e7\u00e3o das Na\u00e7\u00f5es Unidas (ONU). Na avalia\u00e7\u00e3o dele, a legenda est\u00e1 enfrentando os mesmos problemas dos demais partidos, que foram a\u00e7oitados por den\u00fancias de corrup\u00e7\u00e3o. N\u00e3o por acaso, acrescentou ele, o Brasil vive um momento muito ruim na pol\u00edtica. H\u00e1 um descr\u00e9dito generalizado da popula\u00e7\u00e3o em rela\u00e7\u00e3o aos pol\u00edticos, provocando uma fragmenta\u00e7\u00e3o que compromete o futuro o pa\u00eds.<\/p>\n<p>&nbsp;<\/p>\n<p>Fernando Henrique reconheceu que a iminente pris\u00e3o de Eduardo Azeredo, ex-governador de Minas Gerais, acusado de liderar o mensal\u00e3o mineiro, e a decis\u00e3o do Supremo Tribunal Federal (STF) de tornar o senador A\u00e9cio Neves r\u00e9u no processo em que ele \u00e9 acusado de ter recebido propina do empres\u00e1rio Joesley Batista s\u00e3o not\u00edcias p\u00e9ssimas para o PSDB. E se diz triste. \u201cVi com tristeza tudo isso, como vi com o Lula (preso na sede da Pol\u00edcia Federal em Curitiba). Mas quem vai decidir (sobre essas quest\u00f5es) \u00e9 a Justi\u00e7a\u201d, afirmou.<\/p>\n<p>&nbsp;<\/p>\n<p>O ex-presidente, que acabou de lan\u00e7ar o livro Crise e Reinven\u00e7\u00e3o da Pol\u00edtica no Brasil, n\u00e3o escondeu a preocupa\u00e7\u00e3o com o desgaste dos partidos junto \u00e0 popula\u00e7\u00e3o e com a divis\u00e3o do pa\u00eds. \u201cO Brasil n\u00e3o vive um bom momento. E isso tem a ver mais com a pol\u00edtica do que com a economia. As elei\u00e7\u00f5es est\u00e3o a caminho, precisamos buscar for\u00e7as que sejam capazes de unir o pa\u00eds, porque, desse jeito, n\u00e3o se vai longe\u201d, ressaltou. \u201cEssa divis\u00e3o vai acabar n\u00e3o s\u00f3 prejudicando o pa\u00eds, (vai prejudicar) o povo, que \u00e9 o mais importante\u201d, frisou.<\/p>\n<p>&nbsp;<\/p>\n<p><strong>Credibilidade<\/strong><\/p>\n<p>&nbsp;<\/p>\n<p>Antes, por\u00e9m, de puxar um movimento de uni\u00e3o pelo pa\u00eds, o ex-presidente sabe que ter\u00e1 que pacificar o PSDB, que est\u00e1 totalmente dividido. Em S\u00e3o Paulo, onde reside a for\u00e7a dos tucanos, o partido est\u00e1 rachado. Tanto que o pr\u00e9-candidato da legenda \u00e0 Presid\u00eancia da Rep\u00fablica, Geraldo Alckmin, ter\u00e1 que subir a dois palanques, um do atual governador, M\u00e1rcio Fran\u00e7a, do PSB, seu fiel escudeiro, outro, do peessedebista Jo\u00e3o D\u00f3ria, que largou a prefeitura para disputar o governo.<\/p>\n<p>&nbsp;<\/p>\n<p>\u201cSe depender de mim, vamos unir o PSDB com o povo ao redor de temas simples, e que voltem a dar credibilidade aos governos\u201d, assinalou Fernando Henrique. \u201cO futuro do PSDB est\u00e1 como o de todos os partidos, vai depender da mensagem que passar para o povo\u201d, acrescentou. Para ele, o que falta ao PSDB e a todas as legendas \u00e9 confian\u00e7a. Os eleitores precisam confiar que os pol\u00edticos, em sua maioria, est\u00e3o dispostos a trabalhar em favor da sociedade.<\/p>\n<p>&nbsp;<\/p>\n<p>Prestes a completar 87 anos (em 18 de junho), o ex-presidente disse que o mundo est\u00e1 em grandes transforma\u00e7\u00f5es, e o Brasil n\u00e3o est\u00e1 de fora desse processo. Ao descrever esse mundo novo, ele citou o historiador marxista brit\u00e2nico Eric Hobsbawm. \u201cVivemos num mundo com grande potencial econ\u00f4mico, com a tecnologia mudando as rela\u00e7\u00f5es entre as pessoas, mas n\u00e3o sabemos para onde esse mundo vai\u201d, destacou.<\/p>\n<p>&nbsp;<\/p>\n<p>Como ele descreveu em seu mais recente livro, a globaliza\u00e7\u00e3o enfraqueceu organiza\u00e7\u00f5es como o Estado e os partidos e ampliou a autonomia do indiv\u00edduo. Isso abriu um fosso entre as aspira\u00e7\u00f5es de uma sociedade dinamizada e um sistema representativo arcaico. Para desatar esse n\u00f3, recomendou o ex-presidente, ser\u00e1 preciso uni\u00e3o para reformar o ambiente partid\u00e1rio de forma a reconect\u00e1-lo \u00e0 vida dos cidad\u00e3os e a refor\u00e7ar a democracia.<\/p>\n<p>&nbsp;<\/p>\n<p><em>Nova York, 22h13min<\/em><\/p>\n","protected":false},"excerpt":{"rendered":"<p>Nova York \u2013 A sobreviv\u00eancia do PSDB vai depender da mensagem que o partido passar para o povo, disse o ex-presidente Fernando Henrique Cardoso em r\u00e1pida entrevista ao Correio\u00a0na sede da Organiza\u00e7\u00e3o das Na\u00e7\u00f5es Unidas (ONU). Na avalia\u00e7\u00e3o dele, a legenda est\u00e1 enfrentando os mesmos problemas dos demais partidos, que foram a\u00e7oitados por den\u00fancias de [&hellip;]<\/p>\n","protected":false},"author":22,"featured_media":0,"comment_status":"open","ping_status":"closed","sticky":false,"template":"","format":"standard","meta":{"footnotes":""},"categories":[600],"tags":[3324,3325,3323,1587,351],"class_list":["post-7863","post","type-post","status-publish","format-standard","hentry","category-economia","tag-aecio","tag-azeredo","tag-fhc","tag-mensalao","tag-prisao"],"_links":{"self":[{"href":"https:\/\/blogs.correiobraziliense.com.br\/vicente\/wp-json\/wp\/v2\/posts\/7863","targetHints":{"allow":["GET"]}}],"collection":[{"href":"https:\/\/blogs.correiobraziliense.com.br\/vicente\/wp-json\/wp\/v2\/posts"}],"about":[{"href":"https:\/\/blogs.correiobraziliense.com.br\/vicente\/wp-json\/wp\/v2\/types\/post"}],"author":[{"embeddable":true,"href":"https:\/\/blogs.correiobraziliense.com.br\/vicente\/wp-json\/wp\/v2\/users\/22"}],"replies":[{"embeddable":true,"href":"https:\/\/blogs.correiobraziliense.com.br\/vicente\/wp-json\/wp\/v2\/comments?post=7863"}],"version-history":[{"count":3,"href":"https:\/\/blogs.correiobraziliense.com.br\/vicente\/wp-json\/wp\/v2\/posts\/7863\/revisions"}],"predecessor-version":[{"id":7871,"href":"https:\/\/blogs.correiobraziliense.com.br\/vicente\/wp-json\/wp\/v2\/posts\/7863\/revisions\/7871"}],"wp:attachment":[{"href":"https:\/\/blogs.correiobraziliense.com.br\/vicente\/wp-json\/wp\/v2\/media?parent=7863"}],"wp:term":[{"taxonomy":"category","embeddable":true,"href":"https:\/\/blogs.correiobraziliense.com.br\/vicente\/wp-json\/wp\/v2\/categories?post=7863"},{"taxonomy":"post_tag","embeddable":true,"href":"https:\/\/blogs.correiobraziliense.com.br\/vicente\/wp-json\/wp\/v2\/tags?post=7863"}],"curies":[{"name":"wp","href":"https:\/\/api.w.org\/{rel}","templated":true}]}}