{"id":7846,"date":"2018-04-25T16:01:05","date_gmt":"2018-04-25T19:01:05","guid":{"rendered":"https:\/\/blogs.correiobraziliense.com.br\/vicente\/?p=7846"},"modified":"2018-04-25T16:51:46","modified_gmt":"2018-04-25T19:51:46","slug":"medicos-notificam-extrajudicialmente-diretor-da-geap","status":"publish","type":"post","link":"https:\/\/blogs.correiobraziliense.com.br\/vicente\/medicos-notificam-extrajudicialmente-diretor-da-geap\/","title":{"rendered":"M\u00e9dicos notificam extrajudicialmente diretor da Geap"},"content":{"rendered":"<p>ANTONIO TEM\u00d3TEO<\/p>\n<p>&nbsp;<\/p>\n<p>As declara\u00e7\u00f5es do diretor executivo da Geap Sa\u00fade, Roberto S\u00e9rgio Fontenele Candido, que acusou os m\u00e9dicos, assim como os hospitais, de roubarem os planos de sa\u00fade ao superfaturarem contratos, pode parar na Justi\u00e7a. A Associa\u00e7\u00e3o M\u00e9dica Brasileira (AMB) notificou extrajudicialmente Fontenele para cobrar explica\u00e7\u00f5es. Para a AMB, as afirma\u00e7\u00f5es s\u00e3o grav\u00edssimas.<\/p>\n<p>&nbsp;<\/p>\n<p>&#8220;\u00c9 muito grave acusar toda uma classe profissional, colocando em d\u00favida a honestidade de profissionais s\u00e9rios e trabalhadores&#8221;, ressalta a AMB em nota. A entidade quer saber se existem realmente fatos que comprovem as den\u00fancias e casos ocorridos. &#8220;A AMB est\u00e1 disposta a cobrar na Justi\u00e7a que o diretor diga, claramente, quem s\u00e3o essas pessoas e a quem se refere&#8221;, ressalta. Na avalia\u00e7\u00e3o do presidente da associa\u00e7\u00e3o, Lincoln Lopes Ferreira, \u00e9 preciso esclarecer as declara\u00e7\u00f5es para que n\u00e3o pairem d\u00favidas sobre os fatos. &#8220;N\u00e3o podemos aceitar a generaliza\u00e7\u00e3o num caso como esse\u201d afirma.<\/p>\n<p>&nbsp;<\/p>\n<p>A associa\u00e7\u00e3o de m\u00e9dicos destaca ainda: &#8220;Na condi\u00e7\u00e3o de entidade representativa dos m\u00e9dicos em \u00e2mbito nacional, e diante da gravidade das afirma\u00e7\u00f5es que ofende a toda uma categoria profissional, a AMB enviou notifica\u00e7\u00e3o extrajudicial ao diretor executivo da Geap&#8221;. A entidade cobra que Fontenele especifique quais m\u00e9dicos e hospitais se refere quando diz que eles roubam e especifique se as condutas apontadas seriam generalizadas ou estariam restritas, temporal ou geograficamente, a algum contexto espec\u00edfico.<\/p>\n<p>&nbsp;<\/p>\n<p>As declara\u00e7\u00f5es de Fontenele foram feitas em recente encontro com gerentes da Geap. Em <a href=\"https:\/\/soundcloud.com\/correio-braziliense\/posse-de-gerentes-da-geap-no-distrito-federal\">\u00e1udio ao qual o <strong>Blog<\/strong> teve acesso<\/a>, com dura\u00e7\u00e3o de 16 minutos, o diretor da operadora de plano de sa\u00fade diz que, \u201cquem quer trabalhar com a gente, vai trabalhar sem roubo, porque hospital tamb\u00e9m rouba. E rouba muito. M\u00e9dico rouba muito\u201d. Os supostos roubos se dariam por meio de superfaturamento de pre\u00e7os de servi\u00e7os e de procedimentos m\u00e9dicos, os quais, por vezes, n\u00e3o seriam nem ao menos prestados pelos profissionais.<\/p>\n<p>&nbsp;<\/p>\n<p><em>Bras\u00edlia, 16h01min<\/em><\/p>\n","protected":false},"excerpt":{"rendered":"<p>ANTONIO TEM\u00d3TEO &nbsp; As declara\u00e7\u00f5es do diretor executivo da Geap Sa\u00fade, Roberto S\u00e9rgio Fontenele Candido, que acusou os m\u00e9dicos, assim como os hospitais, de roubarem os planos de sa\u00fade ao superfaturarem contratos, pode parar na Justi\u00e7a. A Associa\u00e7\u00e3o M\u00e9dica Brasileira (AMB) notificou extrajudicialmente Fontenele para cobrar explica\u00e7\u00f5es. Para a AMB, as afirma\u00e7\u00f5es s\u00e3o grav\u00edssimas. &nbsp; [&hellip;]<\/p>\n","protected":false},"author":22,"featured_media":0,"comment_status":"open","ping_status":"closed","sticky":false,"template":"","format":"standard","meta":{"footnotes":""},"categories":[600],"tags":[3317,3319,262,450,2414,3318],"class_list":["post-7846","post","type-post","status-publish","format-standard","hentry","category-economia","tag-amb","tag-extrajudicial","tag-geap","tag-hospitais","tag-medicos","tag-notificacao"],"_links":{"self":[{"href":"https:\/\/blogs.correiobraziliense.com.br\/vicente\/wp-json\/wp\/v2\/posts\/7846","targetHints":{"allow":["GET"]}}],"collection":[{"href":"https:\/\/blogs.correiobraziliense.com.br\/vicente\/wp-json\/wp\/v2\/posts"}],"about":[{"href":"https:\/\/blogs.correiobraziliense.com.br\/vicente\/wp-json\/wp\/v2\/types\/post"}],"author":[{"embeddable":true,"href":"https:\/\/blogs.correiobraziliense.com.br\/vicente\/wp-json\/wp\/v2\/users\/22"}],"replies":[{"embeddable":true,"href":"https:\/\/blogs.correiobraziliense.com.br\/vicente\/wp-json\/wp\/v2\/comments?post=7846"}],"version-history":[{"count":1,"href":"https:\/\/blogs.correiobraziliense.com.br\/vicente\/wp-json\/wp\/v2\/posts\/7846\/revisions"}],"predecessor-version":[{"id":7847,"href":"https:\/\/blogs.correiobraziliense.com.br\/vicente\/wp-json\/wp\/v2\/posts\/7846\/revisions\/7847"}],"wp:attachment":[{"href":"https:\/\/blogs.correiobraziliense.com.br\/vicente\/wp-json\/wp\/v2\/media?parent=7846"}],"wp:term":[{"taxonomy":"category","embeddable":true,"href":"https:\/\/blogs.correiobraziliense.com.br\/vicente\/wp-json\/wp\/v2\/categories?post=7846"},{"taxonomy":"post_tag","embeddable":true,"href":"https:\/\/blogs.correiobraziliense.com.br\/vicente\/wp-json\/wp\/v2\/tags?post=7846"}],"curies":[{"name":"wp","href":"https:\/\/api.w.org\/{rel}","templated":true}]}}