{"id":7841,"date":"2018-04-24T18:01:40","date_gmt":"2018-04-24T21:01:40","guid":{"rendered":"https:\/\/blogs.correiobraziliense.com.br\/vicente\/?p=7841"},"modified":"2018-04-24T19:00:02","modified_gmt":"2018-04-24T22:00:02","slug":"correios-recusam-parceria-com-fifa-para-lancar-selos-da-copa","status":"publish","type":"post","link":"https:\/\/blogs.correiobraziliense.com.br\/vicente\/correios-recusam-parceria-com-fifa-para-lancar-selos-da-copa\/","title":{"rendered":"Correios recusam parceria com a Fifa para lan\u00e7ar selos da Copa"},"content":{"rendered":"<p>ANTONIO TEM\u00d3TEO<\/p>\n<p>&nbsp;<\/p>\n<p>O clima esquentou nos Correios, que v\u00eam registrando preju\u00edzos anuais perto de R$ 2 bilh\u00f5es. A empresa alega que, por conta das dificuldades financeiras, n\u00e3o ter\u00e1 como fechar parceria com a Fifa para lan\u00e7ar, neste ano, os selos referentes \u00e0 Copa do Mundo.<\/p>\n<p>&nbsp;<\/p>\n<p>Os Correios, tradicionalmente, comercializam selos referentes \u00e0 \u00a0Copa do Mundo. De\u00a02014 para c\u00e1, os selos passaram a ter a logomarca da Fifa. Para isso, \u00e9 celebrado um contrato em que a estatal tem que pagar royalties \u00e0 federa\u00e7\u00e3o. Neste ano, \u00a0o valor foi definido em US$ 7 mil d\u00f3lares, cerca de R$ 25 mil.<\/p>\n<p>&nbsp;<\/p>\n<p>Muita gente acredita que os Correios deveriam manter a parceria, j\u00e1 que futebol tem a cara do Brasil e muitos colecionadores est\u00e3o esperando pelos selos. A justificativa \u00e9 de que a empresa gasta muito mais com patroc\u00ednio para rugby e squash, esportes com os quais o pa\u00eds n\u00e3o tem tanta intimidade.<\/p>\n<p>&nbsp;<\/p>\n<p><em>Bras\u00edlia, 18h01min<\/em><\/p>\n","protected":false},"excerpt":{"rendered":"<p>ANTONIO TEM\u00d3TEO &nbsp; O clima esquentou nos Correios, que v\u00eam registrando preju\u00edzos anuais perto de R$ 2 bilh\u00f5es. A empresa alega que, por conta das dificuldades financeiras, n\u00e3o ter\u00e1 como fechar parceria com a Fifa para lan\u00e7ar, neste ano, os selos referentes \u00e0 Copa do Mundo. &nbsp; Os Correios, tradicionalmente, comercializam selos referentes \u00e0 \u00a0Copa [&hellip;]<\/p>\n","protected":false},"author":22,"featured_media":0,"comment_status":"open","ping_status":"closed","sticky":false,"template":"","format":"standard","meta":{"footnotes":""},"categories":[600],"tags":[3297,2206,3314,3313],"class_list":["post-7841","post","type-post","status-publish","format-standard","hentry","category-economia","tag-copa-do-mundo","tag-correio","tag-fifa","tag-selos"],"_links":{"self":[{"href":"https:\/\/blogs.correiobraziliense.com.br\/vicente\/wp-json\/wp\/v2\/posts\/7841","targetHints":{"allow":["GET"]}}],"collection":[{"href":"https:\/\/blogs.correiobraziliense.com.br\/vicente\/wp-json\/wp\/v2\/posts"}],"about":[{"href":"https:\/\/blogs.correiobraziliense.com.br\/vicente\/wp-json\/wp\/v2\/types\/post"}],"author":[{"embeddable":true,"href":"https:\/\/blogs.correiobraziliense.com.br\/vicente\/wp-json\/wp\/v2\/users\/22"}],"replies":[{"embeddable":true,"href":"https:\/\/blogs.correiobraziliense.com.br\/vicente\/wp-json\/wp\/v2\/comments?post=7841"}],"version-history":[{"count":1,"href":"https:\/\/blogs.correiobraziliense.com.br\/vicente\/wp-json\/wp\/v2\/posts\/7841\/revisions"}],"predecessor-version":[{"id":7842,"href":"https:\/\/blogs.correiobraziliense.com.br\/vicente\/wp-json\/wp\/v2\/posts\/7841\/revisions\/7842"}],"wp:attachment":[{"href":"https:\/\/blogs.correiobraziliense.com.br\/vicente\/wp-json\/wp\/v2\/media?parent=7841"}],"wp:term":[{"taxonomy":"category","embeddable":true,"href":"https:\/\/blogs.correiobraziliense.com.br\/vicente\/wp-json\/wp\/v2\/categories?post=7841"},{"taxonomy":"post_tag","embeddable":true,"href":"https:\/\/blogs.correiobraziliense.com.br\/vicente\/wp-json\/wp\/v2\/tags?post=7841"}],"curies":[{"name":"wp","href":"https:\/\/api.w.org\/{rel}","templated":true}]}}