{"id":7834,"date":"2018-04-24T08:04:22","date_gmt":"2018-04-24T11:04:22","guid":{"rendered":"https:\/\/blogs.correiobraziliense.com.br\/vicente\/?p=7834"},"modified":"2018-04-24T11:25:19","modified_gmt":"2018-04-24T14:25:19","slug":"empresas-de-certificacao-digital-criam-central-de-incidentes","status":"publish","type":"post","link":"https:\/\/blogs.correiobraziliense.com.br\/vicente\/empresas-de-certificacao-digital-criam-central-de-incidentes\/","title":{"rendered":"Empresas de certifica\u00e7\u00e3o digital criam Central de Incidentes"},"content":{"rendered":"<p>&nbsp;<\/p>\n<h2>HAMILTON FERRARI<\/h2>\n<h2><\/h2>\n<h2>Num mundo cada vez mais tecnol\u00f3gico, todo cuidado \u00e9 pouco em rela\u00e7\u00e3o \u00e0s fraudes. N\u00e3o por acaso, a Associa\u00e7\u00e3o Nacional de Certifica\u00e7\u00e3o Digital (ANCD), a Associa\u00e7\u00e3o Nacional de Autoridades de Certifica\u00e7\u00e3o Digital (ANCert) e a Associa\u00e7\u00e3o das Autoridades de Registro do Brasil (AARB) estabeleceram os termos de um acordo comum para dar mais seguran\u00e7a ao p\u00fablico em geral. O princ\u00edpio desse acordo, firmado em mar\u00e7o, \u00e9 promover a\u00e7\u00f5es conjuntas para buscar sempre o consenso na solu\u00e7\u00e3o de eventuais incidentes regulat\u00f3rios no \u00e2mbito da Infraestrutura de Chaves P\u00fablicas \u2013 ICP-Brasil.<\/h2>\n<p>&nbsp;<\/p>\n<p>Agora, num segundo momento, as tr\u00eas entidades anunciam a cria\u00e7\u00e3o da\u00a0 Central de Incidentes, um canal para acolher, triar e resolver eventuais incidentes do setor, antes que se transformem, de forma desnecess\u00e1ria, num processo formal junto ao Instituto Nacional de Tecnologia da Informa\u00e7\u00e3o (ITI).<\/p>\n<p>&nbsp;<\/p>\n<p>Segundo Rafael Caporali, presidente da ANCert, haver\u00e1 nos sites das tr\u00eas entidades um canal espec\u00edfico para o registro de eventuais ocorr\u00eancias. Ser\u00e1 o mesmo formul\u00e1rio, que ter\u00e1 espa\u00e7o para se relatar a suposta irregularidade com o respectivo envio das evid\u00eancias. \u201cEstamos animados e certos de que com isso iremos resolver muitas ocorr\u00eancias que acabam seguindo para o ITI sem nenhuma precis\u00e3o. Temos viv\u00eancia e responsabilidade para buscar solu\u00e7\u00f5es por consenso\u201d, diz.<\/p>\n<p>&nbsp;<\/p>\n<p>Julio Cosentino, presidente da ANCD, acredita que esse tipo de atitude do setor, proativa, vai evitar que determinados incidentes tomem propor\u00e7\u00f5es indesejadas. \u201cPelo di\u00e1logo \u00e9 poss\u00edvel buscar a autorregula\u00e7\u00e3o e evitar desgastes sem a menor necessidade\u201d, afirma. De acordo com Paulo Milliet Roque, diretor Geral da AARB, essa iniciativa tem forte expectativa por parte de todo o setor. \u201cA an\u00e1lise ser\u00e1 feita da forma mais isenta poss\u00edvel, e a solu\u00e7\u00e3o indicada ser\u00e1 por consenso ou maioria, de modo a n\u00e3o favorecer nem prejudicar nenhuma das partes.\u201d<\/p>\n<p>&nbsp;<\/p>\n<p>Os formul\u00e1rios preenchidos ser\u00e3o sempre encaminhados para an\u00e1lise da comiss\u00e3o tripartite formada por membros das tr\u00eas entidades. O representante da ANCD \u00e9 o CEO da Soluti, Vinicius Sousa; pela ANCert, foi escolhido o presidente da entidade, Rafael Caporali; e, pela AARB,.foi nomeado o seu diretor geral, Paulo Milliet Roque.<\/p>\n<p>&nbsp;<\/p>\n<p>\u201cVivemos um grande momento e desenvolvemos um mecanismo por n\u00f3s mesmos, com maturidade e responsabilidade, para a busca de solu\u00e7\u00f5es de nossas quest\u00f5es, que, muitas vezes, travam os sistemas e prejudicam associados das tr\u00eas entidades\u201d, comenta Manuel Matos, presidente do Conselho da ANCD.<\/p>\n<p>&nbsp;<\/p>\n<p>A Central de Incidentes receber\u00e1 os formul\u00e1rios, que ser\u00e3o encaminhados para a comiss\u00e3o tripartite para an\u00e1lise. Depois disso, ser\u00e3o definidos os procedimentos a serem adotados e se dar\u00e1 prazo de resposta para quem supostamente\u00a0n\u00e3o respeitou as normas regulat\u00f3rias. Ap\u00f3s cumpridas essas etapas, nos prazos previstos, se n\u00e3o houver solu\u00e7\u00e3o, o caso ser\u00e1 encaminhado para o ITI.<\/p>\n<p>&nbsp;<\/p>\n<p><em>Bras\u00edlia, 08h04min<\/em><\/p>\n","protected":false},"excerpt":{"rendered":"<p>&nbsp; HAMILTON FERRARI Num mundo cada vez mais tecnol\u00f3gico, todo cuidado \u00e9 pouco em rela\u00e7\u00e3o \u00e0s fraudes. N\u00e3o por acaso, a Associa\u00e7\u00e3o Nacional de Certifica\u00e7\u00e3o Digital (ANCD), a Associa\u00e7\u00e3o Nacional de Autoridades de Certifica\u00e7\u00e3o Digital (ANCert) e a Associa\u00e7\u00e3o das Autoridades de Registro do Brasil (AARB) estabeleceram os termos de um acordo comum para dar [&hellip;]<\/p>\n","protected":false},"author":22,"featured_media":0,"comment_status":"open","ping_status":"closed","sticky":false,"template":"","format":"standard","meta":{"footnotes":""},"categories":[600],"tags":[],"class_list":["post-7834","post","type-post","status-publish","format-standard","hentry","category-economia"],"_links":{"self":[{"href":"https:\/\/blogs.correiobraziliense.com.br\/vicente\/wp-json\/wp\/v2\/posts\/7834","targetHints":{"allow":["GET"]}}],"collection":[{"href":"https:\/\/blogs.correiobraziliense.com.br\/vicente\/wp-json\/wp\/v2\/posts"}],"about":[{"href":"https:\/\/blogs.correiobraziliense.com.br\/vicente\/wp-json\/wp\/v2\/types\/post"}],"author":[{"embeddable":true,"href":"https:\/\/blogs.correiobraziliense.com.br\/vicente\/wp-json\/wp\/v2\/users\/22"}],"replies":[{"embeddable":true,"href":"https:\/\/blogs.correiobraziliense.com.br\/vicente\/wp-json\/wp\/v2\/comments?post=7834"}],"version-history":[{"count":1,"href":"https:\/\/blogs.correiobraziliense.com.br\/vicente\/wp-json\/wp\/v2\/posts\/7834\/revisions"}],"predecessor-version":[{"id":7835,"href":"https:\/\/blogs.correiobraziliense.com.br\/vicente\/wp-json\/wp\/v2\/posts\/7834\/revisions\/7835"}],"wp:attachment":[{"href":"https:\/\/blogs.correiobraziliense.com.br\/vicente\/wp-json\/wp\/v2\/media?parent=7834"}],"wp:term":[{"taxonomy":"category","embeddable":true,"href":"https:\/\/blogs.correiobraziliense.com.br\/vicente\/wp-json\/wp\/v2\/categories?post=7834"},{"taxonomy":"post_tag","embeddable":true,"href":"https:\/\/blogs.correiobraziliense.com.br\/vicente\/wp-json\/wp\/v2\/tags?post=7834"}],"curies":[{"name":"wp","href":"https:\/\/api.w.org\/{rel}","templated":true}]}}