{"id":7832,"date":"2018-04-24T06:27:04","date_gmt":"2018-04-24T09:27:04","guid":{"rendered":"https:\/\/blogs.correiobraziliense.com.br\/vicente\/?p=7832"},"modified":"2018-04-24T09:33:37","modified_gmt":"2018-04-24T12:33:37","slug":"correio-economico-crise-vista","status":"publish","type":"post","link":"https:\/\/blogs.correiobraziliense.com.br\/vicente\/correio-economico-crise-vista\/","title":{"rendered":"Correio Econ\u00f4mico: Crise \u00e0 vista"},"content":{"rendered":"<h2>O governo est\u00e1 vendo com certa apreens\u00e3o a disparada dos pre\u00e7os do d\u00f3lar. A moeda norte-americana encerrou as negocia\u00e7\u00f5es de ontem cotada a R$ 3,451 para venda, o n\u00edvel mais elevado desde dezembro de 2016. A alta no dia chegou a 1,2%. Na avalia\u00e7\u00e3o do Pal\u00e1cio do Planalto, tudo o que n\u00e3o se quer agora \u00e9 um estresse no mercado financeiro, que teria repercuss\u00f5es negativas na economia, a \u00fanica \u00e1rea em que o presidente Michel Temer tem algo de bom a apresentar. Tens\u00f5es no c\u00e2mbio costumam espalhar ondas de incertezas que minam a produ\u00e7\u00e3o e o consumo e, por tabela, freiam o crescimento.<\/h2>\n<p>&nbsp;<\/p>\n<p>A arrancada do d\u00f3lar vem sendo puxada, majoritariamente, pelo temor de uma alta maior dos juros nos Estados Unidos. At\u00e9 bem pouco tempo, o consenso era de que, no m\u00e1ximo, o Federal Reserve (Fed), o banco central norte-americano, promoveria tr\u00eas aumentos na taxa b\u00e1sica da economia. O processo seria gradual, sem traumas. Agora, 48%, quase a metade dos especialistas, acreditam que os juros ter\u00e3o quatro aumentos. E essa cren\u00e7a j\u00e1 se refletiu nos t\u00edtulos de 10 anos do Tesouro dos EUA, cujas taxas encostaram nos 3% ao ano.<\/p>\n<p>&nbsp;<\/p>\n<p>Nesse n\u00edvel, o dinheiro que circula pelo mundo prioriza a maior economia do planeta em detrimento das na\u00e7\u00f5es emergentes, como o Brasil. O Planalto reconhece que a redu\u00e7\u00e3o do fluxo de capital estrangeiro n\u00e3o seria t\u00e3o impactante se a economia estivesse blindada. Se, por um lado, a infla\u00e7\u00e3o abaixo de 3% pode acomodar a alta do d\u00f3lar, de outro, o rombo fiscal alimenta a avers\u00e3o ao risco. Mesmo com todas as promessas de Henrique Meirelles, quando esteve \u00e0 frente do Minist\u00e9rio da Fazenda, as contas p\u00fablicas n\u00e3o foram ajustadas. Pelo contr\u00e1rio.<\/p>\n<p>&nbsp;<\/p>\n<p>O buraco nas finan\u00e7as federais s\u00f3 aumenta e h\u00e1 chance de as metas fiscais n\u00e3o serem cumpridas neste ano e no pr\u00f3ximo. O governo est\u00e1 t\u00e3o desesperado que est\u00e1 buscando recursos por tudo quanto \u00e9 lado, raspando o tacho. Agora, o ministro do Planejamento, Esteves Colnago, diz que o Tesouro pode se apropriar de R$ 10,5 bilh\u00f5es do Fundo de Fiscaliza\u00e7\u00e3o das Telecomunica\u00e7\u00f5es (Fistel) para cumprir a regra de ouro, que impede o pagamento de despesas correntes, como sal\u00e1rios de servidores e aposentadorias, por meio de emiss\u00e3o de d\u00edvidas.<\/p>\n<p>&nbsp;<\/p>\n<p><b>Empurrando com a barriga<\/b><br \/>\nA situa\u00e7\u00e3o das contas p\u00fablicas \u00e9 t\u00e3o preocupante que um assessor do presidente Michel Temer diz: \u201cFomos enganados. A equipe econ\u00f4mica sempre afirmou que tudo estava sob controle, e acreditamos. Agora, vemos que n\u00e3o \u00e9 bem assim\u201d. Esse mesmo interlocutor do presidente ressalta que os problemas est\u00e3o se agigantando com uma equipe econ\u00f4mica fraca, sem for\u00e7a pol\u00edtica. \u201cMeirelles ainda tinha o respeito do Congresso, conseguia fazer andar projetos importantes para o ajuste fiscal. Os atuais ministros da Fazenda e do Planejamento n\u00e3o t\u00eam. Perdem tudo no Legislativo\u201d, acrescenta.<\/p>\n<p>&nbsp;<\/p>\n<p>Tanto que n\u00e3o h\u00e1 perspectiva de nenhum projeto importante avan\u00e7ar neste ano. \u201cO Congresso praticamente fechou as portas para os pedidos da equipe econ\u00f4mica. \u00c9 dif\u00edcil acreditar na privatiza\u00e7\u00e3o da Eletrobras, na reonera\u00e7\u00e3o da folha de pagamento. Na melhor das hip\u00f3teses, deputados e senadores v\u00e3o aprovar o cadastro positivo. Isso se o Banco Central se mantiver firme na defesa da medida\u201d, ressalta um ministro bastante pr\u00f3ximo de Temer. \u00c9 triste ver, na avalia\u00e7\u00e3o dele, pastas t\u00e3o cruciais quanto a Fazenda e o Planejamento entregues a pessoas sem peso pol\u00edtico, ainda que sejam bons t\u00e9cnicos.<\/p>\n<p>&nbsp;<\/p>\n<p>Tamb\u00e9m chama a aten\u00e7\u00e3o entre assessores de Temer a falta de imagina\u00e7\u00e3o da atual equipe econ\u00f4mica. \u201cOs t\u00e9cnicos prop\u00f5em sempre as mesmas coisas, como, por exemplo, o adiamento do reajuste de sal\u00e1rios de servidores. Que falta de criatividade. Nigu\u00e9m acredita que isso ter\u00e1 o aval do Congresso, pois o aumento foi aprovado por senadores e deputados\u201d, destaca um dos palacianos. Ele reconhece, por\u00e9m, que, oficialmente, o Planalto dar\u00e1 todo apoio ao discurso de Eduardo Guardia e de Colnago. \u201cN\u00e3o podemos deix\u00e1-los mais fracos do que j\u00e1 s\u00e3o\u201d, assinala.<\/p>\n<p>&nbsp;<\/p>\n<p>A orienta\u00e7\u00e3o no Planalto \u00e9 manter o discurso positivo em meio \u00e0 disparada do d\u00f3lar e \u00e0s incertezas das elei\u00e7\u00f5es. A infla\u00e7\u00e3o est\u00e1 no n\u00edvel mais baixo em 20 anos, a taxa b\u00e1sica de juros (Selic) cair\u00e1 mais 0,25 ponto percentual em maio, para 6,25% ao ano, e o crescimento vai continuar, mesmo que mais fraco. \u00c9 isso que tem de ser incutido, segundo Temer, na cabe\u00e7a da popula\u00e7\u00e3o. Se a bomba fiscal estourar, que seja no colo do pr\u00f3ximo presidente. A mem\u00f3ria do povo \u00e9 t\u00e3o curta que ningu\u00e9m vai se lembrar que o time econ\u00f4mico apontado como salvador da p\u00e1tria, na verdade, s\u00f3 empurrou o problema com a barriga.<\/p>\n<p>&nbsp;<\/p>\n<p><i>Bras\u00edlia, 06h27min<\/i><\/p>\n","protected":false},"excerpt":{"rendered":"<p>O governo est\u00e1 vendo com certa apreens\u00e3o a disparada dos pre\u00e7os do d\u00f3lar. A moeda norte-americana encerrou as negocia\u00e7\u00f5es de ontem cotada a R$ 3,451 para venda, o n\u00edvel mais elevado desde dezembro de 2016. A alta no dia chegou a 1,2%. Na avalia\u00e7\u00e3o do Pal\u00e1cio do Planalto, tudo o que n\u00e3o se quer agora [&hellip;]<\/p>\n","protected":false},"author":22,"featured_media":0,"comment_status":"open","ping_status":"closed","sticky":false,"template":"","format":"standard","meta":{"footnotes":""},"categories":[600],"tags":[13,179,343,360,4,2432,125],"class_list":["post-7832","post","type-post","status-publish","format-standard","hentry","category-economia","tag-ajuste-fiscal","tag-crise","tag-dolar","tag-equipe-economica","tag-juros","tag-meirelles","tag-temer"],"_links":{"self":[{"href":"https:\/\/blogs.correiobraziliense.com.br\/vicente\/wp-json\/wp\/v2\/posts\/7832","targetHints":{"allow":["GET"]}}],"collection":[{"href":"https:\/\/blogs.correiobraziliense.com.br\/vicente\/wp-json\/wp\/v2\/posts"}],"about":[{"href":"https:\/\/blogs.correiobraziliense.com.br\/vicente\/wp-json\/wp\/v2\/types\/post"}],"author":[{"embeddable":true,"href":"https:\/\/blogs.correiobraziliense.com.br\/vicente\/wp-json\/wp\/v2\/users\/22"}],"replies":[{"embeddable":true,"href":"https:\/\/blogs.correiobraziliense.com.br\/vicente\/wp-json\/wp\/v2\/comments?post=7832"}],"version-history":[{"count":1,"href":"https:\/\/blogs.correiobraziliense.com.br\/vicente\/wp-json\/wp\/v2\/posts\/7832\/revisions"}],"predecessor-version":[{"id":7833,"href":"https:\/\/blogs.correiobraziliense.com.br\/vicente\/wp-json\/wp\/v2\/posts\/7832\/revisions\/7833"}],"wp:attachment":[{"href":"https:\/\/blogs.correiobraziliense.com.br\/vicente\/wp-json\/wp\/v2\/media?parent=7832"}],"wp:term":[{"taxonomy":"category","embeddable":true,"href":"https:\/\/blogs.correiobraziliense.com.br\/vicente\/wp-json\/wp\/v2\/categories?post=7832"},{"taxonomy":"post_tag","embeddable":true,"href":"https:\/\/blogs.correiobraziliense.com.br\/vicente\/wp-json\/wp\/v2\/tags?post=7832"}],"curies":[{"name":"wp","href":"https:\/\/api.w.org\/{rel}","templated":true}]}}