{"id":7828,"date":"2018-04-23T21:01:43","date_gmt":"2018-04-24T00:01:43","guid":{"rendered":"https:\/\/blogs.correiobraziliense.com.br\/vicente\/?p=7828"},"modified":"2018-04-23T21:13:58","modified_gmt":"2018-04-24T00:13:58","slug":"ilan-aposta-em-aprovacao-de-cadastro-positivo","status":"publish","type":"post","link":"https:\/\/blogs.correiobraziliense.com.br\/vicente\/ilan-aposta-em-aprovacao-de-cadastro-positivo\/","title":{"rendered":"Ilan aposta em aprova\u00e7\u00e3o de cadastro positivo"},"content":{"rendered":"<h2>Em encontro com dirigentes da Associa\u00e7\u00e3o Brasileira de Bancos (ABBC), o presidente do Banco Central, Ilan Goldfajn, disse estar\u00a0convencido sobre a vota\u00e7\u00e3o do cadastro positivo nesta ter\u00e7a-feira (24\/04), na C\u00e2mara dos Deputados.<\/h2>\n<p>&nbsp;<\/p>\n<p>Com isso, aposta a ABBC, que re\u00fane 80 bancos de m\u00e9dio porte, haver\u00e1 maior competi\u00e7\u00e3o banc\u00e1ria e, por tabela, queda dos juros para empresas e consumidores.<\/p>\n<p>&nbsp;<\/p>\n<p>O cadastro positivo permitir\u00e1 que os bons pagadores sejam privilegiados pelo sistema financeiro com custo menor no cr\u00e9dito. Hoje, s\u00f3 h\u00e1 cadastro dos maus pagadores.<\/p>\n<p>&nbsp;<\/p>\n<p>Apesar da confian\u00e7a de Ilan, o Pal\u00e1cio do Planalto est\u00e1 desconfiado. Acha que o Congresso pode adiar mais uma vez a vota\u00e7\u00e3o do cadastro positivo.<\/p>\n<p>&nbsp;<\/p>\n<p><em>Bras\u00edlia, 21h01min<\/em><\/p>\n","protected":false},"excerpt":{"rendered":"<p>Em encontro com dirigentes da Associa\u00e7\u00e3o Brasileira de Bancos (ABBC), o presidente do Banco Central, Ilan Goldfajn, disse estar\u00a0convencido sobre a vota\u00e7\u00e3o do cadastro positivo nesta ter\u00e7a-feira (24\/04), na C\u00e2mara dos Deputados. &nbsp; Com isso, aposta a ABBC, que re\u00fane 80 bancos de m\u00e9dio porte, haver\u00e1 maior competi\u00e7\u00e3o banc\u00e1ria e, por tabela, queda dos juros [&hellip;]<\/p>\n","protected":false},"author":22,"featured_media":0,"comment_status":"open","ping_status":"closed","sticky":false,"template":"","format":"standard","meta":{"footnotes":""},"categories":[600],"tags":[3312,2989,3311],"class_list":["post-7828","post","type-post","status-publish","format-standard","hentry","category-economia","tag-abbc","tag-cadastro-positivo","tag-ilan"],"_links":{"self":[{"href":"https:\/\/blogs.correiobraziliense.com.br\/vicente\/wp-json\/wp\/v2\/posts\/7828","targetHints":{"allow":["GET"]}}],"collection":[{"href":"https:\/\/blogs.correiobraziliense.com.br\/vicente\/wp-json\/wp\/v2\/posts"}],"about":[{"href":"https:\/\/blogs.correiobraziliense.com.br\/vicente\/wp-json\/wp\/v2\/types\/post"}],"author":[{"embeddable":true,"href":"https:\/\/blogs.correiobraziliense.com.br\/vicente\/wp-json\/wp\/v2\/users\/22"}],"replies":[{"embeddable":true,"href":"https:\/\/blogs.correiobraziliense.com.br\/vicente\/wp-json\/wp\/v2\/comments?post=7828"}],"version-history":[{"count":1,"href":"https:\/\/blogs.correiobraziliense.com.br\/vicente\/wp-json\/wp\/v2\/posts\/7828\/revisions"}],"predecessor-version":[{"id":7829,"href":"https:\/\/blogs.correiobraziliense.com.br\/vicente\/wp-json\/wp\/v2\/posts\/7828\/revisions\/7829"}],"wp:attachment":[{"href":"https:\/\/blogs.correiobraziliense.com.br\/vicente\/wp-json\/wp\/v2\/media?parent=7828"}],"wp:term":[{"taxonomy":"category","embeddable":true,"href":"https:\/\/blogs.correiobraziliense.com.br\/vicente\/wp-json\/wp\/v2\/categories?post=7828"},{"taxonomy":"post_tag","embeddable":true,"href":"https:\/\/blogs.correiobraziliense.com.br\/vicente\/wp-json\/wp\/v2\/tags?post=7828"}],"curies":[{"name":"wp","href":"https:\/\/api.w.org\/{rel}","templated":true}]}}