{"id":7826,"date":"2018-04-23T18:45:00","date_gmt":"2018-04-23T21:45:00","guid":{"rendered":"https:\/\/blogs.correiobraziliense.com.br\/vicente\/?p=7826"},"modified":"2018-04-23T22:25:09","modified_gmt":"2018-04-24T01:25:09","slug":"diante-de-ameaca-de-renuncia-de-executivo-geap-nomeia-diretores","status":"publish","type":"post","link":"https:\/\/blogs.correiobraziliense.com.br\/vicente\/diante-de-ameaca-de-renuncia-de-executivo-geap-nomeia-diretores\/","title":{"rendered":"Diante de amea\u00e7a de ren\u00fancia de executivo, Geap nomeia diretores"},"content":{"rendered":"<h2>ROSANA HESSEL<\/h2>\n<h2><\/h2>\n<h2>A amea\u00e7a de ren\u00fancia do novo diretor executivo da Geap Sa\u00fade, Roberto S\u00e9rgio Fontenele Candido, caso o Conselho de Administra\u00e7\u00e3o n\u00e3o aprovasse os nomes da diretoria indicados por ele, funcionou. Nesta segunda-feira (23\/04), o colegiado bateu o martelo. Os tr\u00e2mites para as nomea\u00e7\u00f5es ser\u00e3o definidos nos pr\u00f3ximos dias.<\/h2>\n<p>&nbsp;<\/p>\n<p>Foram indicados Marcos Vin\u00edcius de Souza J\u00fanior para a diretoria de Administra\u00e7\u00e3o, Adriano Roque Souza Suzarte para a diretoria de Finan\u00e7as e Gilton Paiva Lima para a diretoria de Controle de Qualidade. J\u00e1 Luciana Rodrigues Teixeira de Carvalho ser\u00e1 mantida no quadro de executivos, mas trocar\u00e1 a diretoria de Controle de Qualidade pela \u00e1rea de Sa\u00fade.<\/p>\n<p>&nbsp;<\/p>\n<p>\u201cA posse dos indicados para a diretoria foi aprovada nesta segunda-feira, conforme validado pelo Conselho de Administra\u00e7\u00e3o da operadora. Esta \u00e9 uma excelente not\u00edcia para a Geap, benefici\u00e1rios, prestadores e demais envolvidos neste processo s\u00e9rio de recupera\u00e7\u00e3o\u201d, informou a empresa, por meio de sua assessoria de imprensa.<\/p>\n<p>&nbsp;<\/p>\n<p>A situa\u00e7\u00e3o da Geap Sa\u00fade, que t\u00eam servidores p\u00fablicos como principais clientes, \u00e9 dram\u00e1tica. Em \u00e1udio de uma reuni\u00e3o de Fontenele com funcion\u00e1rios da empresa, ao qual o <strong>Blog<\/strong> teve acesso, o executivo diz que, se at\u00e9 o fim de junho, a Geap n\u00e3o receber inje\u00e7\u00e3o de R$ 130 milh\u00f5es em seu caixa, pode quebrar.<\/p>\n<p>&nbsp;<\/p>\n<p>Fontenele, que est\u00e1 no cargo desde 29 de mar\u00e7o, lembrou, no \u00e1udio, que a Geap j\u00e1 est\u00e1 sob regime especial de dire\u00e7\u00e3o fiscal pela Ag\u00eancia Nacional de Sa\u00fade Suplementar (ANS). Se n\u00e3o conseguir os R$ 130 milh\u00f5es, tender\u00e1 a ser liquidada pelo \u00f3rg\u00e3o regulador e fiscalizar.<\/p>\n<p>&nbsp;<\/p>\n<p>O rombo total da Geap chega a R$ 330 milh\u00f5es. A empresa j\u00e1 chegou a ter mais de 900 mil clientes. Hoje, tem cerca de 450 mil. Est\u00e1 perdendo, segundo Fontenele, 5 mil conveniados por m\u00eas. O executivo disse, em nota enviada ao <strong>Blog<\/strong>, que funcion\u00e1rios da Geap s\u00e3o &#8220;cooptados e manipulados&#8221; por agentes privados, no caso, hospitais e m\u00e9dicos. Ele ressaltou que hospitais e m\u00e9dicos roubam os planos de sa\u00fade.<\/p>\n<p>&nbsp;<\/p>\n<p><em>Bras\u00edlia, 18h45min<\/em><\/p>\n","protected":false},"excerpt":{"rendered":"<p>ROSANA HESSEL A amea\u00e7a de ren\u00fancia do novo diretor executivo da Geap Sa\u00fade, Roberto S\u00e9rgio Fontenele Candido, caso o Conselho de Administra\u00e7\u00e3o n\u00e3o aprovasse os nomes da diretoria indicados por ele, funcionou. Nesta segunda-feira (23\/04), o colegiado bateu o martelo. Os tr\u00e2mites para as nomea\u00e7\u00f5es ser\u00e3o definidos nos pr\u00f3ximos dias. &nbsp; Foram indicados Marcos Vin\u00edcius [&hellip;]<\/p>\n","protected":false},"author":22,"featured_media":0,"comment_status":"open","ping_status":"closed","sticky":false,"template":"","format":"standard","meta":{"footnotes":""},"categories":[600],"tags":[3119,3303,262,3032,590],"class_list":["post-7826","post","type-post","status-publish","format-standard","hentry","category-economia","tag-diretoria","tag-fontenele","tag-geap","tag-nomeacao","tag-renuncia"],"_links":{"self":[{"href":"https:\/\/blogs.correiobraziliense.com.br\/vicente\/wp-json\/wp\/v2\/posts\/7826","targetHints":{"allow":["GET"]}}],"collection":[{"href":"https:\/\/blogs.correiobraziliense.com.br\/vicente\/wp-json\/wp\/v2\/posts"}],"about":[{"href":"https:\/\/blogs.correiobraziliense.com.br\/vicente\/wp-json\/wp\/v2\/types\/post"}],"author":[{"embeddable":true,"href":"https:\/\/blogs.correiobraziliense.com.br\/vicente\/wp-json\/wp\/v2\/users\/22"}],"replies":[{"embeddable":true,"href":"https:\/\/blogs.correiobraziliense.com.br\/vicente\/wp-json\/wp\/v2\/comments?post=7826"}],"version-history":[{"count":3,"href":"https:\/\/blogs.correiobraziliense.com.br\/vicente\/wp-json\/wp\/v2\/posts\/7826\/revisions"}],"predecessor-version":[{"id":7831,"href":"https:\/\/blogs.correiobraziliense.com.br\/vicente\/wp-json\/wp\/v2\/posts\/7826\/revisions\/7831"}],"wp:attachment":[{"href":"https:\/\/blogs.correiobraziliense.com.br\/vicente\/wp-json\/wp\/v2\/media?parent=7826"}],"wp:term":[{"taxonomy":"category","embeddable":true,"href":"https:\/\/blogs.correiobraziliense.com.br\/vicente\/wp-json\/wp\/v2\/categories?post=7826"},{"taxonomy":"post_tag","embeddable":true,"href":"https:\/\/blogs.correiobraziliense.com.br\/vicente\/wp-json\/wp\/v2\/tags?post=7826"}],"curies":[{"name":"wp","href":"https:\/\/api.w.org\/{rel}","templated":true}]}}