{"id":7822,"date":"2018-04-23T14:15:13","date_gmt":"2018-04-23T17:15:13","guid":{"rendered":"https:\/\/blogs.correiobraziliense.com.br\/vicente\/?p=7822"},"modified":"2018-04-23T15:17:14","modified_gmt":"2018-04-23T18:17:14","slug":"preco-da-gasolina-cai-mais-um-pouco-para-alivio-do-consumidor","status":"publish","type":"post","link":"https:\/\/blogs.correiobraziliense.com.br\/vicente\/preco-da-gasolina-cai-mais-um-pouco-para-alivio-do-consumidor\/","title":{"rendered":"Pre\u00e7o da gasolina cai mais um pouco, para al\u00edvio do consumidor"},"content":{"rendered":"<h2>HAMILTON FERRARI<\/h2>\n<h2><\/h2>\n<h2>Os consumidores ainda est\u00e3o longe de comemorar. Mas a semana come\u00e7ou com ligeira queda nos pre\u00e7os da gasolina em v\u00e1rios postos do Distrito Federal. A redu\u00e7\u00e3o m\u00e9dia foi de R$ 0,05 por litro.<\/h2>\n<p>&nbsp;<\/p>\n<p>No Setor de Ind\u00fastrias Gr\u00e1ficas (SIG), o litro passou de R$ 4,239 para R$ 4,190. Segundo os especialistas, ainda est\u00e1 caro, mas, de pouco em pouco, \u00e9 poss\u00edvel fazer uma certa economia.<\/p>\n<p>&nbsp;<\/p>\n<p><a href=\"https:\/\/blogs.correiobraziliense.com.br\/vicente\/wp-content\/uploads\/sites\/16\/2018\/04\/Gasolina419.jpg\" rel=\"attachment wp-att-7823\"><img loading=\"lazy\" decoding=\"async\" class=\"alignnone size-large wp-image-7823\" src=\"https:\/\/blogs.correiobraziliense.com.br\/vicente\/wp-content\/uploads\/sites\/16\/2018\/04\/Gasolina419-1024x516.jpg\" alt=\"Gasolina419\" width=\"1024\" height=\"516\" srcset=\"https:\/\/blogs.correiobraziliense.com.br\/vicente\/wp-content\/uploads\/sites\/16\/2018\/04\/Gasolina419-1024x516.jpg 1024w, https:\/\/blogs.correiobraziliense.com.br\/vicente\/wp-content\/uploads\/sites\/16\/2018\/04\/Gasolina419-300x151.jpg 300w, https:\/\/blogs.correiobraziliense.com.br\/vicente\/wp-content\/uploads\/sites\/16\/2018\/04\/Gasolina419-768x387.jpg 768w, https:\/\/blogs.correiobraziliense.com.br\/vicente\/wp-content\/uploads\/sites\/16\/2018\/04\/Gasolina419-350x176.jpg 350w, https:\/\/blogs.correiobraziliense.com.br\/vicente\/wp-content\/uploads\/sites\/16\/2018\/04\/Gasolina419-550x277.jpg 550w, https:\/\/blogs.correiobraziliense.com.br\/vicente\/wp-content\/uploads\/sites\/16\/2018\/04\/Gasolina419-230x116.jpg 230w, https:\/\/blogs.correiobraziliense.com.br\/vicente\/wp-content\/uploads\/sites\/16\/2018\/04\/Gasolina419.jpg 1280w\" sizes=\"auto, (max-width: 1024px) 100vw, 1024px\" \/><\/a><\/p>\n<p>&nbsp;<\/p>\n<p>\u00c9 o que pensa o marceneiro Jonas Antunes, 39 anos. Ele roda por todo o Distrito Federal para atender a clientela. Em algumas semanas, gasta mais de um tanque de combust\u00edveis. &#8220;Por isso, estou sempre ligado em promo\u00e7\u00f5es e muito preocupado em buscar os menores pre\u00e7os&#8221;, afirma.<\/p>\n<p>&nbsp;<\/p>\n<p>Na maior parte dos postos do DF, a gasolina est\u00e1 sendo vendida acima de R$ 4. Mas \u00e9 poss\u00edvel encontrar o combust\u00edvel entre R$ 3,989 e R$ 3,999 em \u00c1guas Claras e em Taguatinga. Contudo, \u00e9 preciso muita paci\u00eancia. De dia ou de noite, as filas s\u00e3o grandes.<\/p>\n<p>&nbsp;<\/p>\n<p>&#8220;J\u00e1 espere por mais de 40 minutos para encher o tanque do meu carro em \u00c1guas Claras&#8221;, afirma Andressa Ces\u00e1rio, 32, que trabalha em um condom\u00ednio na regi\u00e3o. &#8220;Mas n\u00e3o arredei p\u00e9. N\u00e3o aceito pagar mais de R$ 4 pelo litro da gasolina. \u00c9 muito&#8221;, acrescenta.<\/p>\n<p>&nbsp;<\/p>\n<p>Os pre\u00e7os tem variado bastante porque a Petrobras mudou a pol\u00edtica de reajustes dos combust\u00edveis. Os valores mudam quase que diariamente nas refinarias, pois acompanham as cota\u00e7\u00f5es do d\u00f3lar e os pre\u00e7os do petr\u00f3leo no mercado internacional.<\/p>\n<p>&nbsp;<\/p>\n<p>Acusados pelo governo de forma\u00e7\u00e3o de cartel (combina\u00e7\u00e3o de pre\u00e7os), os postos de combust\u00edveis est\u00e3o com uma ampla campanha de publicidade nas ruas. Os estabelecimentos dizem que os principais respons\u00e1veis pela carestia da gasolina s\u00e3o os impostos.<\/p>\n<p>&nbsp;<\/p>\n<p>H\u00e1 uma investiga\u00e7\u00e3o aberta, a pedido do governo, pelo Conselho Administrativo de Defesa Econ\u00f4mica (Cade). Mas nenhum dado ainda foi divulgado pelo \u00f3rg\u00e3o para refor\u00e7ar a exist\u00eancia de cartel.<\/p>\n<p>&nbsp;<\/p>\n<p><em>Bras\u00edlia, 14h15min<\/em><\/p>\n","protected":false},"excerpt":{"rendered":"<p>HAMILTON FERRARI Os consumidores ainda est\u00e3o longe de comemorar. Mas a semana come\u00e7ou com ligeira queda nos pre\u00e7os da gasolina em v\u00e1rios postos do Distrito Federal. A redu\u00e7\u00e3o m\u00e9dia foi de R$ 0,05 por litro. &nbsp; No Setor de Ind\u00fastrias Gr\u00e1ficas (SIG), o litro passou de R$ 4,239 para R$ 4,190. Segundo os especialistas, ainda [&hellip;]<\/p>\n","protected":false},"author":22,"featured_media":0,"comment_status":"open","ping_status":"closed","sticky":false,"template":"","format":"standard","meta":{"footnotes":""},"categories":[600],"tags":[1267,268,228,269,279],"class_list":["post-7822","post","type-post","status-publish","format-standard","hentry","category-economia","tag-combustivel","tag-gasolina","tag-petrobras","tag-preco","tag-queda"],"_links":{"self":[{"href":"https:\/\/blogs.correiobraziliense.com.br\/vicente\/wp-json\/wp\/v2\/posts\/7822","targetHints":{"allow":["GET"]}}],"collection":[{"href":"https:\/\/blogs.correiobraziliense.com.br\/vicente\/wp-json\/wp\/v2\/posts"}],"about":[{"href":"https:\/\/blogs.correiobraziliense.com.br\/vicente\/wp-json\/wp\/v2\/types\/post"}],"author":[{"embeddable":true,"href":"https:\/\/blogs.correiobraziliense.com.br\/vicente\/wp-json\/wp\/v2\/users\/22"}],"replies":[{"embeddable":true,"href":"https:\/\/blogs.correiobraziliense.com.br\/vicente\/wp-json\/wp\/v2\/comments?post=7822"}],"version-history":[{"count":1,"href":"https:\/\/blogs.correiobraziliense.com.br\/vicente\/wp-json\/wp\/v2\/posts\/7822\/revisions"}],"predecessor-version":[{"id":7824,"href":"https:\/\/blogs.correiobraziliense.com.br\/vicente\/wp-json\/wp\/v2\/posts\/7822\/revisions\/7824"}],"wp:attachment":[{"href":"https:\/\/blogs.correiobraziliense.com.br\/vicente\/wp-json\/wp\/v2\/media?parent=7822"}],"wp:term":[{"taxonomy":"category","embeddable":true,"href":"https:\/\/blogs.correiobraziliense.com.br\/vicente\/wp-json\/wp\/v2\/categories?post=7822"},{"taxonomy":"post_tag","embeddable":true,"href":"https:\/\/blogs.correiobraziliense.com.br\/vicente\/wp-json\/wp\/v2\/tags?post=7822"}],"curies":[{"name":"wp","href":"https:\/\/api.w.org\/{rel}","templated":true}]}}