{"id":7815,"date":"2018-04-22T12:12:34","date_gmt":"2018-04-22T15:12:34","guid":{"rendered":"https:\/\/blogs.correiobraziliense.com.br\/vicente\/?p=7815"},"modified":"2018-04-23T15:33:15","modified_gmt":"2018-04-23T18:33:15","slug":"funcionarios-da-geap-sao-cooptados-e-manipulados-diz-diretor","status":"publish","type":"post","link":"https:\/\/blogs.correiobraziliense.com.br\/vicente\/funcionarios-da-geap-sao-cooptados-e-manipulados-diz-diretor\/","title":{"rendered":"Funcion\u00e1rios da Geap s\u00e3o cooptados e manipulados, diz diretor"},"content":{"rendered":"<p>Em nota enviada ao <strong>Blog,<\/strong>\u00a0por meio de sua assessoria de imprensa, o diretor executivo da Geap Sa\u00fade, Roberto S\u00e9rgio Fontenele Candido, diz que sua fala em evento com gerentes da empresa teve como objetivo sensibilizar a todos sobre o atual momento do plano de sa\u00fade que atende, prioritariamente, servidores p\u00fablicos. O <strong>Blog<\/strong> teve acesso ao \u00e1udio da conversa.<\/p>\n<p>&nbsp;<\/p>\n<p>Ele diz, na nota, que profissionais da Geap v\u00eam sendo cooptados e manipulados por agentes externos. A empresa, como outros conv\u00eanios m\u00e9dicos, tem sido v\u00edtima de superfaturamento e de cobran\u00e7a ilegal de servi\u00e7os. Com isso, o rombo da Geap s\u00f3 aumenta. No \u00e1udio, Fontenele afirma que a empresa precisa de R$ 130 milh\u00f5es at\u00e9 o fim de junho para n\u00e3o quebrar.<\/p>\n<p>&nbsp;<\/p>\n<p>Veja a \u00edntegra da nota enviada pela Geap:<\/p>\n<p>&nbsp;<\/p>\n<p><em>O diretor executivo da Geap Autogest\u00e3o em Sa\u00fade, Roberto S\u00e9rgio Fontenele Candido, empossado h\u00e1 tr\u00eas semanas, ao manifestar suas opini\u00f5es no ambiente corporativo da empresa, teve conhecimento de que o \u00e1udio dessa fala interna foi veiculado na imprensa. Nesse sentido, vimos esclarecer:<\/em><\/p>\n<p><em>1) Quando se disse, genericamente, que os hospitais e m\u00e9dicos \u201croubam\u201d os planos de sa\u00fade, quis t\u00e3o somente, evidenciar o que a imprensa tem veiculado, frequente e nacionalmente, como, por exemplo, a Opera\u00e7\u00e3o Mister Hyde (conduzida pelo MPDFT e PCDF), a qual flagrou profissionais e prestadores praticando superfaturamento nos pre\u00e7os de procedimentos, materiais e medicamentos, al\u00e9m de \u00f3rteses e pr\u00f3teses.<\/em><\/p>\n<p><em>2) A fala, ilegalmente gravada e divulgada, tinha a inten\u00e7\u00e3o de sensibilizar os colaboradores nas mais diversas \u00e1reas da corpora\u00e7\u00e3o, distribu\u00eddos em todo o Brasil. O prop\u00f3sito era envolv\u00ea-los no processo de gest\u00e3o, necess\u00e1rio ao atendimento dos dispositivos legais, quanto \u00e0s reservas financeiras junto \u00e0 Ag\u00eancia Reguladora, pois \u00e9 n\u00edtido o abrangente processo de coopta\u00e7\u00e3o e manipula\u00e7\u00e3o de profissionais de seu corpo funcional, praticado por agentes externos. Por ora, cabe esclarecer que o recurso (no valor de 130 milh\u00f5es) para compor a reserva t\u00e9cnica, determinada pela atual legisla\u00e7\u00e3o, est\u00e1 apropriado e contabilizado para o cumprimento de tal finalidade.<\/em><\/p>\n<p><em>A Geap possui uma carteira de benefici\u00e1rios bem diversificada e complexa. Esse cen\u00e1rio amplia a responsabilidade dos atuais gestores que t\u00eam indicadores de gest\u00e3o que podem ser melhorados significativamente. E caso sejam identificadas fraudes e outras atividades nocivas ao bom funcionamento institucional, os atuais gestores n\u00e3o medir\u00e3o esfor\u00e7os para eliminar esse modelo predat\u00f3rio de pr\u00e1ticas.<\/em><\/p>\n<p><em>A Geap Sa\u00fade estima que essa fala mere\u00e7a ser compreendida como um indicador positivo para todos os fornecedores &#8211; incluindo hospitais, cl\u00ednicas, laborat\u00f3rios, ind\u00fastria farmac\u00eautica, OPME, dentre outros -, ao reconhecerem que essa atitude do Diretor Executivo foi de uma postura sincera e de maturidade gerencial junto aos funcion\u00e1rios, mas tamb\u00e9m com o mercado e o governo, para que os servi\u00e7os de sa\u00fade sejam mais qualificados e, merecidamente, geridos de maneira profissional. Queremos um Brasil com mais qualidade de vida e isso \u00e9 poss\u00edvel se cada um dos entes reconhecer a sua corresponsabilidade.<\/em><\/p>\n<p>&nbsp;<\/p>\n<p><em>Estimamos que a imprensa seja uma parceira nessa pauta, de modo a compartilhar aos benefici\u00e1rios, governo e mercado, uma agenda positiva, informa\u00e7\u00f5es qualificadas e esclarecimentos que favore\u00e7am a toda sociedade.<\/em><\/p>\n<p>&nbsp;<\/p>\n<p><em>Bras\u00edlia, 12h12min<\/em><\/p>\n","protected":false},"excerpt":{"rendered":"<p>Em nota enviada ao Blog,\u00a0por meio de sua assessoria de imprensa, o diretor executivo da Geap Sa\u00fade, Roberto S\u00e9rgio Fontenele Candido, diz que sua fala em evento com gerentes da empresa teve como objetivo sensibilizar a todos sobre o atual momento do plano de sa\u00fade que atende, prioritariamente, servidores p\u00fablicos. O Blog teve acesso ao [&hellip;]<\/p>\n","protected":false},"author":22,"featured_media":0,"comment_status":"open","ping_status":"closed","sticky":false,"template":"","format":"standard","meta":{"footnotes":""},"categories":[600],"tags":[3309,3303,415,476,262,3308],"class_list":["post-7815","post","type-post","status-publish","format-standard","hentry","category-economia","tag-cooptados","tag-fontenele","tag-fraudes","tag-funcionarios","tag-geap","tag-manipulados"],"_links":{"self":[{"href":"https:\/\/blogs.correiobraziliense.com.br\/vicente\/wp-json\/wp\/v2\/posts\/7815","targetHints":{"allow":["GET"]}}],"collection":[{"href":"https:\/\/blogs.correiobraziliense.com.br\/vicente\/wp-json\/wp\/v2\/posts"}],"about":[{"href":"https:\/\/blogs.correiobraziliense.com.br\/vicente\/wp-json\/wp\/v2\/types\/post"}],"author":[{"embeddable":true,"href":"https:\/\/blogs.correiobraziliense.com.br\/vicente\/wp-json\/wp\/v2\/users\/22"}],"replies":[{"embeddable":true,"href":"https:\/\/blogs.correiobraziliense.com.br\/vicente\/wp-json\/wp\/v2\/comments?post=7815"}],"version-history":[{"count":2,"href":"https:\/\/blogs.correiobraziliense.com.br\/vicente\/wp-json\/wp\/v2\/posts\/7815\/revisions"}],"predecessor-version":[{"id":7825,"href":"https:\/\/blogs.correiobraziliense.com.br\/vicente\/wp-json\/wp\/v2\/posts\/7815\/revisions\/7825"}],"wp:attachment":[{"href":"https:\/\/blogs.correiobraziliense.com.br\/vicente\/wp-json\/wp\/v2\/media?parent=7815"}],"wp:term":[{"taxonomy":"category","embeddable":true,"href":"https:\/\/blogs.correiobraziliense.com.br\/vicente\/wp-json\/wp\/v2\/categories?post=7815"},{"taxonomy":"post_tag","embeddable":true,"href":"https:\/\/blogs.correiobraziliense.com.br\/vicente\/wp-json\/wp\/v2\/tags?post=7815"}],"curies":[{"name":"wp","href":"https:\/\/api.w.org\/{rel}","templated":true}]}}