{"id":7804,"date":"2018-04-21T13:09:06","date_gmt":"2018-04-21T16:09:06","guid":{"rendered":"https:\/\/blogs.correiobraziliense.com.br\/vicente\/?p=7804"},"modified":"2018-04-21T17:46:54","modified_gmt":"2018-04-21T20:46:54","slug":"ingerencias-politicas-agravaram-problemas-da-geap","status":"publish","type":"post","link":"https:\/\/blogs.correiobraziliense.com.br\/vicente\/ingerencias-politicas-agravaram-problemas-da-geap\/","title":{"rendered":"Inger\u00eancias pol\u00edticas agravaram problemas da Geap"},"content":{"rendered":"<p>ANTONIO TEM\u00d3TEO<\/p>\n<p>&nbsp;<\/p>\n<p>Em <a href=\"https:\/\/soundcloud.com\/correio-braziliense\/posse-de-gerentes-da-geap-no-distrito-federal\">\u00e1udio ao qual o <strong>Blog<\/strong> teve acesso<\/a>, o novo diretor executivo da Geap Sa\u00fade, Roberto S\u00e9rgio Fontenele, deixa claro que inger\u00eancias pol\u00edticas ajudaram a agravar a situa\u00e7\u00e3o financeira da empresa, que precisa de uma inje\u00e7\u00e3o de capital de R$ 130 milh\u00f5es at\u00e9 junho deste ano para n\u00e3o quebrar. &#8220;Infelizmente, a Geap tem um componente pol\u00edtico muito forte. Ent\u00e3o, n\u00e3o vamos ser bestas, n\u00e3o vamos tapar o sol com a peneira, porque a gente vai ter que lidar com duas situa\u00e7\u00f5es: trabalhar seriamente e tentar conversar com os pol\u00edticos para n\u00e3o tentarem destruir a Geap, porque a grande maioria que passou (pelo diretoria) s\u00f3 fez isso com a empresa&#8221;, diz.<\/p>\n<p>&nbsp;<\/p>\n<p>O executivo destaca, em conversa com funcion\u00e1rios da Geap, que a proposta dele, se deixarem, \u00e9 de fazer um trabalho t\u00e9cnico. &#8220;N\u00e3o sou pol\u00edtico. Ali\u00e1s, sou anti-politico.\u00a0N\u00e3o estou falando em nomes, n\u00e3o estou falando em partidos, n\u00e3o estou falando de pol\u00edticos. Nada disso. Estou falando da realidade que a gente encontrou&#8221;, afirma. &#8220;N\u00e3o sei se fico aqui uma semana, um m\u00eas, um ano ou 10 anos. Tanto importa. Sou aposentado, tenho dinheiro para viver, tenho uma consultoria que est\u00e1 suspensa, pois n\u00e3o fa\u00e7o duas coisas ao mesmo tempo. Estou aqui porque fui convidado para uma miss\u00e3o, que \u00e9 a de ajud\u00e1-los a salvar a Geap&#8221; destaca.<\/p>\n<p>&nbsp;<\/p>\n<p>Fontenele ressalta que, h\u00e1 muitos anos, convive com pessoas da Geap. &#8220;Mas a Geap de hoje me deixa tonto. Todo dia \u00e9 uma novidade. Estava dizendo ontem para alguns amigos que, se tivessem me contado metade do que estou sabendo em tr\u00eas semanas, n\u00e3o teria aceitado. J\u00e1 entro na Geap com meus bens indispon\u00edveis. Que loucura. Em troca de uma sal\u00e1rio de R$ 36 mil, me desculpem, n\u00e3o preciso desse sal\u00e1rio para viver. Isso \u00e9 um sal\u00e1rio enorme, mas condizente com a miss\u00e3o que me foi dada.&#8221;<\/p>\n<p>&nbsp;<\/p>\n<p>Ele assinala que arrumar os R$ 130 milh\u00f5es que a empresa precisa at\u00e9 o fim de junho n\u00e3o ser\u00e1 f\u00e1cil. &#8220;Primeiro, porque estamos perdendo vidas (clientes), n\u00e3o est\u00e3o entrando recursos novos. Segundo, porque, em duas semanas, n\u00e3o d\u00e1 para montar esquema nenhum. Nem diretores eu tenho ainda, porque est\u00e3o brigando para ver se aceitam ou n\u00e3o os nomes que estou indicando&#8221;, frisa.<\/p>\n<p>&nbsp;<\/p>\n<p>Fontenele conta que j\u00e1 conversou com um diretor do Conselho de Administra\u00e7\u00e3o da Geap e deu um xeque-mate: se n\u00e3o aprovarem logo os nomes dos diretores que indicou, estar\u00e1 fora. Pelo site da empresa, quase todos os cargos de dire\u00e7\u00e3o est\u00e3o vagos. Ele indicou\u00a0Luciana Teixeira Carvalho, atual diretora de Controle e Qualidade, para assumir a diretoria de Sa\u00fade. A \u00e1rea de controle deve ficar com Gilton Paiva Lima; a financeira, com Adriano Suzarte; e a administrativa, com Marcos Vin\u00edcius.<\/p>\n<p>&nbsp;<\/p>\n<p>O <strong>Blog<\/strong> tentou entrar em contato com a Geap para comentar as declara\u00e7\u00f5es de Fontenele, mas n\u00e3o encontrou ningu\u00e9m.<\/p>\n<p>&nbsp;<\/p>\n<p><em>Bras\u00edlia, 13h09min<\/em><\/p>\n","protected":false},"excerpt":{"rendered":"<p>ANTONIO TEM\u00d3TEO &nbsp; Em \u00e1udio ao qual o Blog teve acesso, o novo diretor executivo da Geap Sa\u00fade, Roberto S\u00e9rgio Fontenele, deixa claro que inger\u00eancias pol\u00edticas ajudaram a agravar a situa\u00e7\u00e3o financeira da empresa, que precisa de uma inje\u00e7\u00e3o de capital de R$ 130 milh\u00f5es at\u00e9 junho deste ano para n\u00e3o quebrar. &#8220;Infelizmente, a Geap [&hellip;]<\/p>\n","protected":false},"author":22,"featured_media":0,"comment_status":"open","ping_status":"closed","sticky":false,"template":"","format":"standard","meta":{"footnotes":""},"categories":[600],"tags":[3303,262,3304,1238,3301],"class_list":["post-7804","post","type-post","status-publish","format-standard","hentry","category-economia","tag-fontenele","tag-geap","tag-ingerencia","tag-politicos","tag-r-130-milhoes"],"_links":{"self":[{"href":"https:\/\/blogs.correiobraziliense.com.br\/vicente\/wp-json\/wp\/v2\/posts\/7804","targetHints":{"allow":["GET"]}}],"collection":[{"href":"https:\/\/blogs.correiobraziliense.com.br\/vicente\/wp-json\/wp\/v2\/posts"}],"about":[{"href":"https:\/\/blogs.correiobraziliense.com.br\/vicente\/wp-json\/wp\/v2\/types\/post"}],"author":[{"embeddable":true,"href":"https:\/\/blogs.correiobraziliense.com.br\/vicente\/wp-json\/wp\/v2\/users\/22"}],"replies":[{"embeddable":true,"href":"https:\/\/blogs.correiobraziliense.com.br\/vicente\/wp-json\/wp\/v2\/comments?post=7804"}],"version-history":[{"count":2,"href":"https:\/\/blogs.correiobraziliense.com.br\/vicente\/wp-json\/wp\/v2\/posts\/7804\/revisions"}],"predecessor-version":[{"id":7808,"href":"https:\/\/blogs.correiobraziliense.com.br\/vicente\/wp-json\/wp\/v2\/posts\/7804\/revisions\/7808"}],"wp:attachment":[{"href":"https:\/\/blogs.correiobraziliense.com.br\/vicente\/wp-json\/wp\/v2\/media?parent=7804"}],"wp:term":[{"taxonomy":"category","embeddable":true,"href":"https:\/\/blogs.correiobraziliense.com.br\/vicente\/wp-json\/wp\/v2\/categories?post=7804"},{"taxonomy":"post_tag","embeddable":true,"href":"https:\/\/blogs.correiobraziliense.com.br\/vicente\/wp-json\/wp\/v2\/tags?post=7804"}],"curies":[{"name":"wp","href":"https:\/\/api.w.org\/{rel}","templated":true}]}}