{"id":7802,"date":"2018-04-21T12:15:39","date_gmt":"2018-04-21T15:15:39","guid":{"rendered":"https:\/\/blogs.correiobraziliense.com.br\/vicente\/?p=7802"},"modified":"2018-04-21T17:44:43","modified_gmt":"2018-04-21T20:44:43","slug":"geap-precisa-de-r-130-milhoes-ate-junho-para-nao-quebrar","status":"publish","type":"post","link":"https:\/\/blogs.correiobraziliense.com.br\/vicente\/geap-precisa-de-r-130-milhoes-ate-junho-para-nao-quebrar\/","title":{"rendered":"Geap precisa de R$ 130 milh\u00f5es at\u00e9 junho para n\u00e3o quebrar"},"content":{"rendered":"<p>ANTONIO TEM\u00d3TEO<\/p>\n<p>&nbsp;<\/p>\n<p>A Geap Sa\u00fade est\u00e1 muito perto da fal\u00eancia, deixa claro o novo diretor executivo da empresa, Roberto S\u00e9rgio Fontenele Candido, em cerim\u00f4nia de posse de gerentes da filial do Distrito Federal realizada nesta semana. Ele diz, <a href=\"https:\/\/soundcloud.com\/correio-braziliense\/posse-de-gerentes-da-geap-no-distrito-federal\">em \u00e1udio ao qual o <strong>Blog<\/strong> teve acesso<\/a>, que, caso n\u00e3o contabilize uma receita de R$ 130 milh\u00f5es at\u00e9 o fim de junho, a empresa poder\u00e1 ser liquidada pela Ag\u00eancia Nacional de Sa\u00fade (ANS).<\/p>\n<p>&nbsp;<\/p>\n<p>&#8220;Estou preocupado em realizar alguma coisa para tentar salvar a Geap. Qual \u00e9 a situa\u00e7\u00e3o? Estamos com dire\u00e7\u00e3o fiscal e, se no dia 30 de junho, daqui a dois meses, n\u00e3o colocarmos R$ 130 milh\u00f5es no caixa da Geap, ela entrar\u00e1 em dire\u00e7\u00e3o t\u00e9cnica e, imediatamente, entrar\u00e1 em liquida\u00e7\u00e3o judicial pela ANS&#8221;, afirma. Ele garante que ningu\u00e9m quer isso, nem o governo. Mas a situa\u00e7\u00e3o \u00e9 dram\u00e1tica. &#8220;Tem muita gente apostando que vamos encontrar uma solu\u00e7\u00e3o. Eu j\u00e1 disse para alguns interlocutores: n\u00e3o fa\u00e7o milagres, n\u00e3o fabrico dinheiro&#8221;, frisa.<\/p>\n<p>&nbsp;<\/p>\n<p>Fontenele, que assumiu a diretoria executiva em 29 de mar\u00e7o,\u00a0 n\u00e3o economiza nas palavras para descrever a situa\u00e7\u00e3o atual da Geap Sa\u00fade. &#8220;\u00c9 uma empresa que est\u00e1 pegando fogo. N\u00e3o vamos mentir. Sou um cara transparente, voc\u00eas me conhecem. Nunca vi uma empresa com tantos problemas, mas n\u00e3o \u00e9 culpa de voc\u00eas. \u00c9 culpa de gest\u00f5es anteriores&#8221;, enfatiza. Ele vai al\u00e9m: &#8220;Tenho 15 anos de mercado e nunca vi nada parecido com o que estou vendo na diretoria executiva. \u00c9 uma pena&#8221;.<\/p>\n<p>&nbsp;<\/p>\n<p>O executivo ressalta ainda que, se n\u00e3o houver uma solu\u00e7\u00e3o r\u00e1pida nos pr\u00f3ximos 60 dias, todos da Geap Sa\u00fade perder\u00e3o os empregos. &#8220;N\u00e3o sobrar\u00e1 nenhum (emprego) porque n\u00e3o fizeram o que deveria ter sido feito. A Geap s\u00f3 gasta, gasta, gasta. Contrata, contrata, contrata&#8221;, diz. Ele acrescenta que a empresa est\u00e1 perdendo uma m\u00e9dia de 5 mil clientes por m\u00eas. &#8220;Eu j\u00e1 conheci a Geap com 900 mil pessoas. Hoje, tem 450 mil associados que est\u00e3o absolutamente \u00e0 deriva. D\u00e1 vontade de parar e de chorar&#8221;, frisa.<\/p>\n<p>&nbsp;<\/p>\n<p>Fontenele foi gerente do plano de sa\u00fade da Caixa Econ\u00f4mica Federal por 15 anos. Ele afirma que, para administrar planos de sa\u00fade \u00e9 preciso seriedade, honestidade e respeito \u00e0s pessoas que pagam as mensalidades para serem atendidas. &#8220;E tudo isso \u00e9 o que n\u00e3o encontrei na diretoria executiva da Geap&#8221;, garante. O <strong>Blog<\/strong> procurou a Geap, mas ningu\u00e9m foi encontrado para comentar as declara\u00e7\u00f5es de Fontenele.<\/p>\n<p>&nbsp;<\/p>\n<p><em>Bras\u00edlia, 12h15min<\/em><\/p>\n<p>&nbsp;<\/p>\n","protected":false},"excerpt":{"rendered":"<p>ANTONIO TEM\u00d3TEO &nbsp; A Geap Sa\u00fade est\u00e1 muito perto da fal\u00eancia, deixa claro o novo diretor executivo da empresa, Roberto S\u00e9rgio Fontenele Candido, em cerim\u00f4nia de posse de gerentes da filial do Distrito Federal realizada nesta semana. Ele diz, em \u00e1udio ao qual o Blog teve acesso, que, caso n\u00e3o contabilize uma receita de R$ [&hellip;]<\/p>\n","protected":false},"author":22,"featured_media":0,"comment_status":"open","ping_status":"closed","sticky":false,"template":"","format":"standard","meta":{"footnotes":""},"categories":[600],"tags":[711,262,3302,3301],"class_list":["post-7802","post","type-post","status-publish","format-standard","hentry","category-economia","tag-ans","tag-geap","tag-liquidacao","tag-r-130-milhoes"],"_links":{"self":[{"href":"https:\/\/blogs.correiobraziliense.com.br\/vicente\/wp-json\/wp\/v2\/posts\/7802","targetHints":{"allow":["GET"]}}],"collection":[{"href":"https:\/\/blogs.correiobraziliense.com.br\/vicente\/wp-json\/wp\/v2\/posts"}],"about":[{"href":"https:\/\/blogs.correiobraziliense.com.br\/vicente\/wp-json\/wp\/v2\/types\/post"}],"author":[{"embeddable":true,"href":"https:\/\/blogs.correiobraziliense.com.br\/vicente\/wp-json\/wp\/v2\/users\/22"}],"replies":[{"embeddable":true,"href":"https:\/\/blogs.correiobraziliense.com.br\/vicente\/wp-json\/wp\/v2\/comments?post=7802"}],"version-history":[{"count":3,"href":"https:\/\/blogs.correiobraziliense.com.br\/vicente\/wp-json\/wp\/v2\/posts\/7802\/revisions"}],"predecessor-version":[{"id":7807,"href":"https:\/\/blogs.correiobraziliense.com.br\/vicente\/wp-json\/wp\/v2\/posts\/7802\/revisions\/7807"}],"wp:attachment":[{"href":"https:\/\/blogs.correiobraziliense.com.br\/vicente\/wp-json\/wp\/v2\/media?parent=7802"}],"wp:term":[{"taxonomy":"category","embeddable":true,"href":"https:\/\/blogs.correiobraziliense.com.br\/vicente\/wp-json\/wp\/v2\/categories?post=7802"},{"taxonomy":"post_tag","embeddable":true,"href":"https:\/\/blogs.correiobraziliense.com.br\/vicente\/wp-json\/wp\/v2\/tags?post=7802"}],"curies":[{"name":"wp","href":"https:\/\/api.w.org\/{rel}","templated":true}]}}