{"id":7786,"date":"2018-04-19T09:25:46","date_gmt":"2018-04-19T12:25:46","guid":{"rendered":"https:\/\/blogs.correiobraziliense.com.br\/vicente\/?p=7786"},"modified":"2018-04-19T09:34:41","modified_gmt":"2018-04-19T12:34:41","slug":"governo-federal-arrecada-r-224-milhoes-com-venda-de-12-imoveis-funcionais","status":"publish","type":"post","link":"https:\/\/blogs.correiobraziliense.com.br\/vicente\/governo-federal-arrecada-r-224-milhoes-com-venda-de-12-imoveis-funcionais\/","title":{"rendered":"Governo federal arrecada R$ 22,4 milh\u00f5es com a venda de 12 im\u00f3veis funcionais"},"content":{"rendered":"<h2>HAMILTON FERRARI<\/h2>\n<h2><\/h2>\n<h2>O governo federal arrecadou R$ 22,4 milh\u00f5es com a venda de 12 im\u00f3veis funcionais no Distrito Federal, segundo a Secretaria de Patrim\u00f4nio da Uni\u00e3o (SPU) do Minist\u00e9rio do Planejamento. O valor arrecadado \u00e9 57% do pre\u00e7o m\u00ednimo de todo o edital.<\/h2>\n<p>&nbsp;<\/p>\n<p>De acordo com a secretaria, o leil\u00e3o \u201csuperou as expectativas\u201d do \u00f3rg\u00e3o e o montante arrecadado no edital que 2017, quando foram obtidos R$ 15,7 milh\u00f5es. Do total de 21 apartamentos ofertados, sete receberam propostas. Cinco deles est\u00e3o localizados na Asa Norte e dois na Asa Sul.<\/p>\n<p>&nbsp;<\/p>\n<p>A resid\u00eancia mais disputada foi a que fica no bloco C da 112 Norte. Ela recebeu cinco ofertas. O pre\u00e7o inicial era de R$ 984 mil, mas foi arrematada por R$ 1,053 milh\u00e3o.<\/p>\n<p>&nbsp;<\/p>\n<p>O governo federal tamb\u00e9m p\u00f4s a disposi\u00e7\u00e3o dos compradores sete lotes, localizados no Lago Sul e Guar\u00e1 II. Dois deles n\u00e3o receberam propostas. O de maior valor foi arrematado por R$ 7,5 milh\u00f5es, sendo que o pre\u00e7o m\u00ednimo era de R$ 7,3 milh\u00f5es.<\/p>\n<p>&nbsp;<\/p>\n<p>O leil\u00e3o foi lan\u00e7ado em 15 de mar\u00e7o. A homologa\u00e7\u00e3o do resultado do leil\u00e3o ser\u00e1 finalizado no dia 23 de abril. O valor recolhido do cau\u00e7\u00e3o das propostas que n\u00e3o obtiveram \u00eaxito ser\u00e3o devolvidos aos participantes. O processo de venda deve terminar em at\u00e9 45 dias.<\/p>\n<p>&nbsp;<\/p>\n<p>A venda dos im\u00f3veis tem como objetivo reduzir os custos e aumentar a arrecada\u00e7\u00e3o com bens desocupados. O valor m\u00ednimo do edital era de R$ 39,49 milh\u00f5es. As propostas foram apresentados pelos interessados at\u00e9 o dia 17 de abril.<\/p>\n<p>&nbsp;<\/p>\n<p><em>Bras\u00edlia, 9h25min<\/em><\/p>\n","protected":false},"excerpt":{"rendered":"<p>HAMILTON FERRARI O governo federal arrecadou R$ 22,4 milh\u00f5es com a venda de 12 im\u00f3veis funcionais no Distrito Federal, segundo a Secretaria de Patrim\u00f4nio da Uni\u00e3o (SPU) do Minist\u00e9rio do Planejamento. O valor arrecadado \u00e9 57% do pre\u00e7o m\u00ednimo de todo o edital. &nbsp; De acordo com a secretaria, o leil\u00e3o \u201csuperou as expectativas\u201d do [&hellip;]<\/p>\n","protected":false},"author":22,"featured_media":0,"comment_status":"open","ping_status":"closed","sticky":false,"template":"","format":"standard","meta":{"footnotes":""},"categories":[600],"tags":[1532,755,3296,2758],"class_list":["post-7786","post","type-post","status-publish","format-standard","hentry","category-economia","tag-df","tag-distrito-federal","tag-imovel","tag-leilao"],"_links":{"self":[{"href":"https:\/\/blogs.correiobraziliense.com.br\/vicente\/wp-json\/wp\/v2\/posts\/7786","targetHints":{"allow":["GET"]}}],"collection":[{"href":"https:\/\/blogs.correiobraziliense.com.br\/vicente\/wp-json\/wp\/v2\/posts"}],"about":[{"href":"https:\/\/blogs.correiobraziliense.com.br\/vicente\/wp-json\/wp\/v2\/types\/post"}],"author":[{"embeddable":true,"href":"https:\/\/blogs.correiobraziliense.com.br\/vicente\/wp-json\/wp\/v2\/users\/22"}],"replies":[{"embeddable":true,"href":"https:\/\/blogs.correiobraziliense.com.br\/vicente\/wp-json\/wp\/v2\/comments?post=7786"}],"version-history":[{"count":3,"href":"https:\/\/blogs.correiobraziliense.com.br\/vicente\/wp-json\/wp\/v2\/posts\/7786\/revisions"}],"predecessor-version":[{"id":7789,"href":"https:\/\/blogs.correiobraziliense.com.br\/vicente\/wp-json\/wp\/v2\/posts\/7786\/revisions\/7789"}],"wp:attachment":[{"href":"https:\/\/blogs.correiobraziliense.com.br\/vicente\/wp-json\/wp\/v2\/media?parent=7786"}],"wp:term":[{"taxonomy":"category","embeddable":true,"href":"https:\/\/blogs.correiobraziliense.com.br\/vicente\/wp-json\/wp\/v2\/categories?post=7786"},{"taxonomy":"post_tag","embeddable":true,"href":"https:\/\/blogs.correiobraziliense.com.br\/vicente\/wp-json\/wp\/v2\/tags?post=7786"}],"curies":[{"name":"wp","href":"https:\/\/api.w.org\/{rel}","templated":true}]}}