{"id":7782,"date":"2018-04-19T06:20:57","date_gmt":"2018-04-19T09:20:57","guid":{"rendered":"https:\/\/blogs.correiobraziliense.com.br\/vicente\/?p=7782"},"modified":"2018-04-19T08:24:55","modified_gmt":"2018-04-19T11:24:55","slug":"correio-economico-barbosa-e-dilma","status":"publish","type":"post","link":"https:\/\/blogs.correiobraziliense.com.br\/vicente\/correio-economico-barbosa-e-dilma\/","title":{"rendered":"Correio Econ\u00f4mico: Barbosa e Dilma"},"content":{"rendered":"<h2>Com seus expressivos 10% nas pesquisas de inten\u00e7\u00e3o de voto, Joaquim Barbosa entrou com tudo no radar dos investidores. Todos se perguntam que governo far\u00e1 o ex-presidente do Supremo Tribunal Federal (STF) caso os eleitores lhe concedam a vit\u00f3ria no pleito marcado para outubro pr\u00f3ximo. Barbosa \u00e9 visto como uma pessoa de dif\u00edcil trato, muito parecido com a petista Dilma Rousseff, que foi apeada do poder por um Congresso totalmente hostil a ela. O PSB, partido pelo qual o ex-ministro dever\u00e1 concorrer nas elei\u00e7\u00f5es, sempre se posicionou contra as reformas, sobretudo a da Previd\u00eancia Social.<\/h2>\n<p>&nbsp;<\/p>\n<p>Mesmo com toda a repercuss\u00e3o em torno de sua candidatura, Barbosa mant\u00e9m dist\u00e2ncia do debate. Por isso, toda a ang\u00fastia dos donos do dinheiro. Olhando para o passado, os investidores tentam tra\u00e7ar um retrato do futuro. E, para eles, \u00e9 dif\u00edcil ver o ex-ministro do Supremo como um presidente conciliador, disposto a negociar com deputados e senadores projetos de interesse do governo. Tamb\u00e9m n\u00e3o o veem como uma pessoa aberta a receber sugest\u00f5es, tampouco acreditam que ele tocar\u00e1 uma agenda mais liberal na economia, seja por convic\u00e7\u00f5es pr\u00f3prias, seja pelas posi\u00e7\u00f5es hist\u00f3ricas do PSB.<\/p>\n<p>&nbsp;<\/p>\n<p>Os investidores n\u00e3o descartam uma metamorfose de Barbosa durante a campanha. \u00c9 comum os candidatos assumirem uma postura amig\u00e1vel, aberta ao di\u00e1logo. O problema \u00e9 depois da posse. N\u00e3o por acaso, querem saber logo quem ser\u00e1 seu ministro da Fazenda. Foi assim com Jair Bolsonaro, quando ele assumiu a vice-lideran\u00e7a das pesquisas. O deputado era repudiado pelo mercado por causa de seu discurso nacionalista. T\u00e3o logo anunciou o economista Paulo Guedes como o chefe de sua eventual equipe econ\u00f4mica, passou a ser palat\u00e1vel aos olhos dos donos do dinheiro.<\/p>\n<p>&nbsp;<\/p>\n<p><b>Algoz do PT<\/b><\/p>\n<p>&nbsp;<\/p>\n<p>Nos cen\u00e1rios que tra\u00e7am para as elei\u00e7\u00f5es, os investidores veem grande possibilidade de Barbosa, com um discurso anticorrup\u00e7\u00e3o, massacrar uma candidatura de centro-direita. Nem Geraldo Alckmin (PSDB), nem Rodrigo Maia (DEM), nem Michel Temer (MDB) e nem Henrique Meirelles (MDB), apresentados como op\u00e7\u00f5es dentro desse espectro pol\u00edtico, teriam chances de chegar ao segundo turno. Barbosa, mesmo tendo sido algoz do PT ao trabalhar veementemente para que o STF condenasse v\u00e1rios integrantes do partido pelo mensal\u00e3o, tem forte potencial para atrair parte do eleitorado que ficou \u00f3rf\u00e3o da candidatura de Lula.<\/p>\n<p>&nbsp;<\/p>\n<p>A tend\u00eancia, daqui por diante, \u00e9 de haver uma press\u00e3o maior dos investidores para que Barbosa mostre a cara. A arma principal: a volatilidade do mercado. V\u00e3o atribuir o sobe e desce da bolsa de valores e do d\u00f3lar aos riscos trazidos pela candidatura do ex-ministro do Supremo, um outsider da pol\u00edtica. Isso n\u00e3o quer dizer que, mais \u00e0 frente, quando o quadro eleitoral ficar mais claro, os donos do dinheiro n\u00e3o possam eleger Barbosa como candidato preferencial, especialmente se Ciro Gomes (PDT), com seu discurso radical, conseguir se firmar como o representante mais vi\u00e1vel da esquerda.<\/p>\n<p>&nbsp;<\/p>\n<p>Quem conhece Barbosa assegura que ele n\u00e3o vai se precipitar nem ceder a press\u00f5es. Sua candidatura s\u00f3 ser\u00e1 sacramentada em agosto pr\u00f3ximo, quando tiver certeza de que realmente \u00e9 vi\u00e1vel eleitoralmente. O ex-ministro do Supremo diz a amigos que n\u00e3o \u00e9 chegado a aventuras e que, quando \u2014 e se \u2014 assumir efetivamente a disputa pelo Pal\u00e1cio do Planalto, apresentar\u00e1 um plano econ\u00f4mico consistente, equilibrado. Ele \u00e9 a favor da privatiza\u00e7\u00e3o de estatais que n\u00e3o sejam consideradas priorit\u00e1rias pelo Estado e comprometido com o equil\u00edbrio das contas p\u00fablicas. Seu governo, contudo, n\u00e3o encapar\u00e1 um projeto radical de reforma do sistema previdenci\u00e1rio.<\/p>\n<p>&nbsp;<\/p>\n<p>A inc\u00f3gnita Joaquim Barbosa chegou para mexer com os nervos de todos. De agora em diante, nenhum debate pol\u00edtico ser\u00e1 levado adiante sem que o ex-ministro do STF tenha o papel de protagonista.<\/p>\n<p>&nbsp;<\/p>\n<p><i>Bras\u00edlia, 06h20min<\/i><\/p>\n","protected":false},"excerpt":{"rendered":"<p>Com seus expressivos 10% nas pesquisas de inten\u00e7\u00e3o de voto, Joaquim Barbosa entrou com tudo no radar dos investidores. Todos se perguntam que governo far\u00e1 o ex-presidente do Supremo Tribunal Federal (STF) caso os eleitores lhe concedam a vit\u00f3ria no pleito marcado para outubro pr\u00f3ximo. Barbosa \u00e9 visto como uma pessoa de dif\u00edcil trato, muito [&hellip;]<\/p>\n","protected":false},"author":22,"featured_media":0,"comment_status":"open","ping_status":"closed","sticky":false,"template":"","format":"standard","meta":{"footnotes":""},"categories":[600],"tags":[3295,2403,665,199],"class_list":["post-7782","post","type-post","status-publish","format-standard","hentry","category-economia","tag-barbosa","tag-dilma","tag-eleicoes","tag-investidores"],"_links":{"self":[{"href":"https:\/\/blogs.correiobraziliense.com.br\/vicente\/wp-json\/wp\/v2\/posts\/7782","targetHints":{"allow":["GET"]}}],"collection":[{"href":"https:\/\/blogs.correiobraziliense.com.br\/vicente\/wp-json\/wp\/v2\/posts"}],"about":[{"href":"https:\/\/blogs.correiobraziliense.com.br\/vicente\/wp-json\/wp\/v2\/types\/post"}],"author":[{"embeddable":true,"href":"https:\/\/blogs.correiobraziliense.com.br\/vicente\/wp-json\/wp\/v2\/users\/22"}],"replies":[{"embeddable":true,"href":"https:\/\/blogs.correiobraziliense.com.br\/vicente\/wp-json\/wp\/v2\/comments?post=7782"}],"version-history":[{"count":1,"href":"https:\/\/blogs.correiobraziliense.com.br\/vicente\/wp-json\/wp\/v2\/posts\/7782\/revisions"}],"predecessor-version":[{"id":7783,"href":"https:\/\/blogs.correiobraziliense.com.br\/vicente\/wp-json\/wp\/v2\/posts\/7782\/revisions\/7783"}],"wp:attachment":[{"href":"https:\/\/blogs.correiobraziliense.com.br\/vicente\/wp-json\/wp\/v2\/media?parent=7782"}],"wp:term":[{"taxonomy":"category","embeddable":true,"href":"https:\/\/blogs.correiobraziliense.com.br\/vicente\/wp-json\/wp\/v2\/categories?post=7782"},{"taxonomy":"post_tag","embeddable":true,"href":"https:\/\/blogs.correiobraziliense.com.br\/vicente\/wp-json\/wp\/v2\/tags?post=7782"}],"curies":[{"name":"wp","href":"https:\/\/api.w.org\/{rel}","templated":true}]}}