{"id":7775,"date":"2018-04-18T18:15:23","date_gmt":"2018-04-18T21:15:23","guid":{"rendered":"https:\/\/blogs.correiobraziliense.com.br\/vicente\/?p=7775"},"modified":"2018-04-18T18:56:15","modified_gmt":"2018-04-18T21:56:15","slug":"governo-admite-que-trump-esta-barrando-brasil-na-ocde","status":"publish","type":"post","link":"https:\/\/blogs.correiobraziliense.com.br\/vicente\/governo-admite-que-trump-esta-barrando-brasil-na-ocde\/","title":{"rendered":"Governo admite que Trump est\u00e1 barrando Brasil na OCDE"},"content":{"rendered":"<h2>ROSANA HESSEL<\/h2>\n<h2><\/h2>\n<h2>O Pal\u00e1cio do Planalto reconhece que o presidente dos Estados Unidos, Donald Trump, est\u00e1 barrando a entrada do Brasil na Organiza\u00e7\u00e3o para Coopera\u00e7\u00e3o do Desenvolvimento Econ\u00f4mico (OCDE), o clube dos pa\u00edses ricos. O norte-americano quer esperar as elei\u00e7\u00f5es brasileiras para ver qual linha o pa\u00eds seguir\u00e1 a partir de 2019, sobretudo se o eleito estar\u00e1 comprometido com reformas como a da Previd\u00eancia Social e com o combate efetivo \u00e0 corrup\u00e7\u00e3o.<\/h2>\n<p>&nbsp;<\/p>\n<p>Assessores do presidente Michel Temer reconhecem a prefer\u00eancia de Trump pela Argentina, cujo presidente, Mauricio Macri, \u00e9 pr\u00f3ximo do norte-americano. Mas alegam que a demora da resposta da OCDE ao pedido de filia\u00e7\u00e3o do Brasil tamb\u00e9m tem a ver com a incapacidade da entidade de atender os pedidos de ades\u00e3o que est\u00e3o em an\u00e1lise. S\u00e3o seis, e o Brasil \u00e9 o \u00faltimo da lista. A Argentina, a primeira.<\/p>\n<p>&nbsp;<\/p>\n<p>Os EUA alegam que j\u00e1 botam dinheiro demais na OCDE. E ampliar o quadro de pessoal da entidade exigir\u00e1 repasses maiores. O atual grupo de empregados da organiza\u00e7\u00e3o j\u00e1 n\u00e3o consegue fazer todas as an\u00e1lises dos pa\u00edses membros. Por isso, os pedidos de ades\u00e3o est\u00e3o se acumulando e vai prevalecendo a orienta\u00e7\u00e3o dos EUA de n\u00e3o dar andamento ao processo do Brasil.<\/p>\n<p>&nbsp;<\/p>\n<p>Durante o governo Lula, o Brasil perdeu a oportunidade de entrar para a OCDE. A entidade fez v\u00e1rios sinais em dire\u00e7\u00e3o ao pa\u00eds, mas o ent\u00e3o ministro de Rela\u00e7\u00f5es Exteriores, Celso Amorim, dizia que n\u00e3o era importante integrar o clube dos pa\u00edses desenvolvidos. Ou seja, o Brasil esnobou todos os acenos da OCDE.<\/p>\n<p>&nbsp;<\/p>\n<p>O decis\u00e3o de fazer o pedido formal de ades\u00e3o \u00e0 OCDE foi tomada pelo ex-ministro da Fazenda Henrique Meirelles. Ele estabeleceu o ingresso do pa\u00eds como um dos marcos de sua gest\u00e3o. Mas acabou deixando o cargo para tentar disputar a Presid\u00eancia da Rep\u00fablica sem que o processo na organiza\u00e7\u00e3o avan\u00e7asse.<\/p>\n<p>&nbsp;<\/p>\n<p><em>Bras\u00edlia, 18h15min<\/em><\/p>\n","protected":false},"excerpt":{"rendered":"<p>ROSANA HESSEL O Pal\u00e1cio do Planalto reconhece que o presidente dos Estados Unidos, Donald Trump, est\u00e1 barrando a entrada do Brasil na Organiza\u00e7\u00e3o para Coopera\u00e7\u00e3o do Desenvolvimento Econ\u00f4mico (OCDE), o clube dos pa\u00edses ricos. O norte-americano quer esperar as elei\u00e7\u00f5es brasileiras para ver qual linha o pa\u00eds seguir\u00e1 a partir de 2019, sobretudo se o [&hellip;]<\/p>\n","protected":false},"author":22,"featured_media":0,"comment_status":"open","ping_status":"closed","sticky":false,"template":"","format":"standard","meta":{"footnotes":""},"categories":[600],"tags":[1151,378,2240,125,2311],"class_list":["post-7775","post","type-post","status-publish","format-standard","hentry","category-economia","tag-adesao","tag-brasil","tag-ocde","tag-temer","tag-trump"],"_links":{"self":[{"href":"https:\/\/blogs.correiobraziliense.com.br\/vicente\/wp-json\/wp\/v2\/posts\/7775","targetHints":{"allow":["GET"]}}],"collection":[{"href":"https:\/\/blogs.correiobraziliense.com.br\/vicente\/wp-json\/wp\/v2\/posts"}],"about":[{"href":"https:\/\/blogs.correiobraziliense.com.br\/vicente\/wp-json\/wp\/v2\/types\/post"}],"author":[{"embeddable":true,"href":"https:\/\/blogs.correiobraziliense.com.br\/vicente\/wp-json\/wp\/v2\/users\/22"}],"replies":[{"embeddable":true,"href":"https:\/\/blogs.correiobraziliense.com.br\/vicente\/wp-json\/wp\/v2\/comments?post=7775"}],"version-history":[{"count":1,"href":"https:\/\/blogs.correiobraziliense.com.br\/vicente\/wp-json\/wp\/v2\/posts\/7775\/revisions"}],"predecessor-version":[{"id":7776,"href":"https:\/\/blogs.correiobraziliense.com.br\/vicente\/wp-json\/wp\/v2\/posts\/7775\/revisions\/7776"}],"wp:attachment":[{"href":"https:\/\/blogs.correiobraziliense.com.br\/vicente\/wp-json\/wp\/v2\/media?parent=7775"}],"wp:term":[{"taxonomy":"category","embeddable":true,"href":"https:\/\/blogs.correiobraziliense.com.br\/vicente\/wp-json\/wp\/v2\/categories?post=7775"},{"taxonomy":"post_tag","embeddable":true,"href":"https:\/\/blogs.correiobraziliense.com.br\/vicente\/wp-json\/wp\/v2\/tags?post=7775"}],"curies":[{"name":"wp","href":"https:\/\/api.w.org\/{rel}","templated":true}]}}