{"id":7772,"date":"2018-04-18T11:15:01","date_gmt":"2018-04-18T14:15:01","guid":{"rendered":"https:\/\/blogs.correiobraziliense.com.br\/vicente\/?p=7772"},"modified":"2018-04-18T19:08:02","modified_gmt":"2018-04-18T22:08:02","slug":"trump-veta-brasil-no-clube-dos-paises-ricos-ele-prefere-a-argentina","status":"publish","type":"post","link":"https:\/\/blogs.correiobraziliense.com.br\/vicente\/trump-veta-brasil-no-clube-dos-paises-ricos-ele-prefere-a-argentina\/","title":{"rendered":"Trump veta Brasil no clube dos pa\u00edses ricos. Ele prefere a Argentina"},"content":{"rendered":"<h2>SIMONE KAFRUNI<\/h2>\n<h2><\/h2>\n<h2>O governo brasileiro sofreu uma grande derrota. O presidente dos Estados Unidos, Donald Trump, praticamente vetou a entrada, neste ano, do Brasil na Organiza\u00e7\u00e3o para a Coopera\u00e7\u00e3o do Desenvolvimento Econ\u00f4mico (OCDE), clube que re\u00fane os pa\u00edses ricos. O norte-americano escolheu a Argentina para se juntar ao grupo.<\/h2>\n<p>&nbsp;<\/p>\n<p>Trump alega que falta &#8220;respaldo eleitoral&#8221; ao Brasil, devido \u00e0s incertezas em rela\u00e7\u00e3o \u00e0s elei\u00e7\u00f5es e \u00e0 falta de compromisso com as reformas. Na avalia\u00e7\u00e3o do presidente dos EUA, h\u00e1 respaldo de sobra no caso de Mauricio Macri, que vem promovendo mudan\u00e7as importantes na economia argentina.\u00a0Na Am\u00e9rica do Sul, apenas o Chile faz parte do clube dos pa\u00edses desenvolvidos.<\/p>\n<p>&nbsp;<\/p>\n<p>Ao Blog, a OCDE informa, por meio de sua assessoria de imprensa: &#8220;N\u00e3o temos coment\u00e1rios sobre as discuss\u00f5es em andamento entre nossos pa\u00edses membros sobre os v\u00e1rios candidatos \u00e0 ades\u00e3o&#8221;. Contudo, para o presidente da entidade, Jose Angel Gurr\u00eda, \u00e9 importante ter o Brasil entre seus membros. Tanto que, quando tomou conhecimento da resist\u00eancia de Trump ao pa\u00eds, recomendou ao Pal\u00e1cio do Planalto que procurasse diretamente o governo dos Estados Unidos para negociarem, mas n\u00e3o houve avan\u00e7os.<\/p>\n<p>&nbsp;<\/p>\n<p>Fontes do governo alegam que o processo de ades\u00e3o \u00e9 longo, de cinco a seis anos, e o Brasil est\u00e1 apenas no come\u00e7o. Segundo integrantes do Planalto, j\u00e1 \u00e9 conhecida a posi\u00e7\u00e3o dos Estados Unidos de limitarem a amplia\u00e7\u00e3o da OCDE. Al\u00e9m disso, \u00e9 conhecida a prefer\u00eancia de Trump pela Argentina, porque o pai dele foi amigo do pai do presidente de Macri.<\/p>\n<p>&nbsp;<\/p>\n<p>Procurado, o Itamaraty diz que est\u00e1 se inteirando dos fatos.<\/p>\n","protected":false},"excerpt":{"rendered":"<p>SIMONE KAFRUNI O governo brasileiro sofreu uma grande derrota. O presidente dos Estados Unidos, Donald Trump, praticamente vetou a entrada, neste ano, do Brasil na Organiza\u00e7\u00e3o para a Coopera\u00e7\u00e3o do Desenvolvimento Econ\u00f4mico (OCDE), clube que re\u00fane os pa\u00edses ricos. O norte-americano escolheu a Argentina para se juntar ao grupo. &nbsp; Trump alega que falta &#8220;respaldo [&hellip;]<\/p>\n","protected":false},"author":22,"featured_media":0,"comment_status":"open","ping_status":"closed","sticky":false,"template":"","format":"standard","meta":{"footnotes":""},"categories":[600],"tags":[44,378,2240,2311],"class_list":["post-7772","post","type-post","status-publish","format-standard","hentry","category-economia","tag-argentina","tag-brasil","tag-ocde","tag-trump"],"_links":{"self":[{"href":"https:\/\/blogs.correiobraziliense.com.br\/vicente\/wp-json\/wp\/v2\/posts\/7772","targetHints":{"allow":["GET"]}}],"collection":[{"href":"https:\/\/blogs.correiobraziliense.com.br\/vicente\/wp-json\/wp\/v2\/posts"}],"about":[{"href":"https:\/\/blogs.correiobraziliense.com.br\/vicente\/wp-json\/wp\/v2\/types\/post"}],"author":[{"embeddable":true,"href":"https:\/\/blogs.correiobraziliense.com.br\/vicente\/wp-json\/wp\/v2\/users\/22"}],"replies":[{"embeddable":true,"href":"https:\/\/blogs.correiobraziliense.com.br\/vicente\/wp-json\/wp\/v2\/comments?post=7772"}],"version-history":[{"count":7,"href":"https:\/\/blogs.correiobraziliense.com.br\/vicente\/wp-json\/wp\/v2\/posts\/7772\/revisions"}],"predecessor-version":[{"id":7781,"href":"https:\/\/blogs.correiobraziliense.com.br\/vicente\/wp-json\/wp\/v2\/posts\/7772\/revisions\/7781"}],"wp:attachment":[{"href":"https:\/\/blogs.correiobraziliense.com.br\/vicente\/wp-json\/wp\/v2\/media?parent=7772"}],"wp:term":[{"taxonomy":"category","embeddable":true,"href":"https:\/\/blogs.correiobraziliense.com.br\/vicente\/wp-json\/wp\/v2\/categories?post=7772"},{"taxonomy":"post_tag","embeddable":true,"href":"https:\/\/blogs.correiobraziliense.com.br\/vicente\/wp-json\/wp\/v2\/tags?post=7772"}],"curies":[{"name":"wp","href":"https:\/\/api.w.org\/{rel}","templated":true}]}}