{"id":7770,"date":"2018-04-18T10:30:10","date_gmt":"2018-04-18T13:30:10","guid":{"rendered":"https:\/\/blogs.correiobraziliense.com.br\/vicente\/?p=7770"},"modified":"2018-04-18T10:20:50","modified_gmt":"2018-04-18T13:20:50","slug":"fmi-faz-alerta-sobre-crescimento-da-divida-publica-bruta","status":"publish","type":"post","link":"https:\/\/blogs.correiobraziliense.com.br\/vicente\/fmi-faz-alerta-sobre-crescimento-da-divida-publica-bruta\/","title":{"rendered":"FMI faz alerta sobre crescimento da d\u00edvida p\u00fablica bruta"},"content":{"rendered":"<p>ROSANA HESSEL<\/p>\n<p>&nbsp;<\/p>\n<p>Um dia depois de melhorar as previs\u00f5es sobre a economia brasileira e manter as proje\u00e7\u00f5es de crescimento global, o Fundo Monet\u00e1rio Internacional (FMI) divulgou nesta quarta-feira (18\/04) o relat\u00f3rio Monitor Fiscal onde mostra que o Brasil continua com um desequil\u00edbrio gigantesco nas contas p\u00fablicas, apesar da aprova\u00e7\u00e3o da emenda do teto dos gastos. No estudo, o Fundo faz um alerta de que a d\u00edvida p\u00fablica bruta vai se estabilizar em 100% do Produto Interno Bruto (PIB) na metade da pr\u00f3xima d\u00e9cada, sem a reforma da Previd\u00eancia.<\/p>\n<p>&nbsp;<\/p>\n<p>O organismo multilateral destacou que a regra do teto dos gastos, introduzida no final de 2016 estabelecendo um limite para o crescimento real dos gastos prim\u00e1rios do governo federal, implicar\u00e1 uma redu\u00e7\u00e3o de gastos prim\u00e1rios de 0,5% do PIB, por ano, a partir de 2019. \u201cNo entanto, a aprova\u00e7\u00e3o da reforma do sistema de pens\u00e3o que poderia gerar uma economia de 9,5% do PIB na pr\u00f3xima d\u00e9cada, foi adiada. Espera-se que a d\u00edvida estabilize pouco menos de 100% do PIB em meados de 2020\u201d, alertou. Uma d\u00edvida nesse patamar \u00e9 praticamente a insolv\u00eancia para um pa\u00eds emergente.<\/p>\n<p>&nbsp;<\/p>\n<p>Pelas estimativas do Fundo, a d\u00edvida p\u00fablica bruta do Brasil, neste ano, chegar\u00e1 a 87,3% do PIB e a 90,2% do PIB, em 2019. Em 2023, essa taxa chegar\u00e1 a 96,3% do PIB. A metodologia do FMI para o c\u00e1lculo da d\u00edvida bruta \u00e9 diferente da utilizada pelo BC, mas \u00e9 a forma mais utilizada para uma compara\u00e7\u00e3o entre pa\u00edses, de acordo com especialistas. Ao contr\u00e1rio da autoridade monet\u00e1ria brasileira, o Fundo inclui na conta as emiss\u00f5es de t\u00edtulos que o Tesouro Nacional faz para o BC lastrear as chamadas opera\u00e7\u00f5es compromissadas, que s\u00e3o usadas para enxugar a liquidez no mercado. Por conta disso, pelas contas do Fundo, a d\u00edvida p\u00fablica bruta do Brasil costuma ficar em m\u00e9dia 10 pontos percentuais acima da registrada pelo governo, mas essa diferen\u00e7a pode aumentar porque as opera\u00e7\u00f5es compromissadas est\u00e3o aumentando neste ano se comparadas com os dados de dezembro dos \u00faltimos dois anos.<\/p>\n<p>&nbsp;<\/p>\n<p>No ano passado, por exemplo, chegou a 84% do PIB em vez dos 74% do PIB computados pelo BC. Em fevereiro, a d\u00edvida p\u00fablica bruta estava em 75,1% do PIB, sendo que o total de opera\u00e7\u00f5es compromissadas somou R$ 1,147 trilh\u00e3o, o equivalente a 17,4% do PIB, conforme dados do BC. Esse percentual est\u00e1 acima dos 16,2% e 16,7% do PIB, registrados em dezembro de 2017 e de 2016, respectivamente.<\/p>\n<p>&nbsp;<\/p>\n<p>O quadro s\u00f3 n\u00e3o est\u00e1 pior porque a recupera\u00e7\u00e3o da economia est\u00e1 ajudando no aumento das receitas, o que n\u00e3o justifica um adiamento do ajuste fiscal, de acordo com os especialistas do Fundo que mostra relat\u00f3rio o que os pa\u00edses est\u00e3o fazendo para equilibrar as contas p\u00fablicas. Apesar de muitos especialistas deixarem de lado esse quadro fiscal preocupante porque apostam as fichas na elei\u00e7\u00e3o de um candidato reformista, de centro, as incertezas s\u00e3o crescentes sobre o que vir\u00e1 em 2019 do ponto de vista pol\u00edtico.<\/p>\n<p>&nbsp;<\/p>\n<p><strong>Acima da m\u00e9dia<\/strong><\/p>\n<p>&nbsp;<\/p>\n<p>Pelas estimativas do FMI, a taxa m\u00e9dia da d\u00edvida p\u00fablica bruta dos pa\u00edses emergentes est\u00e1 em 49% do PIB, quase a metade da registrada pelo Brasil. Para 2019, esse indicador dever\u00e1 passar para 51,2%, chegando a 57,6% em 2023. Pa\u00edses desenvolvidos como os Estados Unidos e o Jap\u00e3o, possuem d\u00edvida p\u00fablica bruta acima de 100% do PIB, mas suas taxas de juros s\u00e3o infinitamente menores do que as do Brasil. Enquanto a Selic (taxa b\u00e1sica da economia) est\u00e1 atualmente em 6,5% ao ano, nos EUA, os juros est\u00e3o em 1,75% ao ano, e, no Jap\u00e3o, em -0,10%.<\/p>\n<p>&nbsp;<\/p>\n<p>A d\u00edvida p\u00fablica bruta n\u00e3o \u00e9 um item ruim para uma economia, desde que ela n\u00e3o seja elevada, porque tr\u00e1s press\u00f5es inflacion\u00e1rias. Quando um governo gasta mais do que arrecada e n\u00e3o tem economistas para cobrir os t\u00edtulos que v\u00e3o vencendo, ele emite moeda e o mercado, sabendo da situa\u00e7\u00e3o do pa\u00eds, essa divisa perde valor. Com isso aumenta a infla\u00e7\u00e3o, como ocorreu no Brasil na d\u00e9cada de 1980, porque o pa\u00eds deu calote na d\u00edvida externa. Hoje, apesar de a d\u00edvida externa ser baixa, em R$ 227 bilh\u00f5es, o equivalente a 3,4% do PIB, a interna \u00e9 gigantesca: chega a R$ 4,7 trilh\u00f5es, ou 71,6% do PIB, conforme os dados do BC.<\/p>\n<p>&nbsp;<\/p>\n<p><strong>Melhora do PIB<\/strong><\/p>\n<p>&nbsp;<\/p>\n<p>Ontem, ao divulgar o estudo semestral Panorama Econ\u00f4mico Global, o FMI elevou as proje\u00e7\u00f5es de crescimento do PIB brasileiro neste ano de 1,9% para 2,3%, na compara\u00e7\u00e3o com a atualiza\u00e7\u00e3o parcial de janeiro. Em outubro, no \u00faltimo relat\u00f3rio, a previs\u00e3o de expans\u00e3o da economia nacional estava em 1,5%. As estimativas do FMI para o PIB do Brasil em 2019 passaram de 2,1%, em janeiro, para 2,5%, em abril. Em rela\u00e7\u00e3o aos dados de outubro, a alta foi de 0,5 ponto percentual.<\/p>\n<p>&nbsp;<\/p>\n<p>Essas novas previs\u00f5es, no entanto, ainda s\u00e3o mais conservadoras do que o governo e o mercado. A equipe econ\u00f4mica prev\u00ea crescimento econ\u00f4mico de 3% em 2018 e em 2019. A mediana das estimativas do mercado para o PIB coletadas no boletim semanal Focus, do Banco Central, \u00e9 de alta de 2,76%, no PIB deste ano, e 3%, no do ano que vem.<\/p>\n<p>&nbsp;<\/p>\n<p><em>Bras\u00edlia, 10h30min<\/em><\/p>\n","protected":false},"excerpt":{"rendered":"<p>ROSANA HESSEL &nbsp; Um dia depois de melhorar as previs\u00f5es sobre a economia brasileira e manter as proje\u00e7\u00f5es de crescimento global, o Fundo Monet\u00e1rio Internacional (FMI) divulgou nesta quarta-feira (18\/04) o relat\u00f3rio Monitor Fiscal onde mostra que o Brasil continua com um desequil\u00edbrio gigantesco nas contas p\u00fablicas, apesar da aprova\u00e7\u00e3o da emenda do teto dos [&hellip;]<\/p>\n","protected":false},"author":22,"featured_media":0,"comment_status":"open","ping_status":"closed","sticky":false,"template":"","format":"standard","meta":{"footnotes":""},"categories":[600],"tags":[3294,804,2250,933],"class_list":["post-7770","post","type-post","status-publish","format-standard","hentry","category-economia","tag-divida-bruta","tag-divida-publica","tag-fmi","tag-reforma-da-previdencia"],"_links":{"self":[{"href":"https:\/\/blogs.correiobraziliense.com.br\/vicente\/wp-json\/wp\/v2\/posts\/7770","targetHints":{"allow":["GET"]}}],"collection":[{"href":"https:\/\/blogs.correiobraziliense.com.br\/vicente\/wp-json\/wp\/v2\/posts"}],"about":[{"href":"https:\/\/blogs.correiobraziliense.com.br\/vicente\/wp-json\/wp\/v2\/types\/post"}],"author":[{"embeddable":true,"href":"https:\/\/blogs.correiobraziliense.com.br\/vicente\/wp-json\/wp\/v2\/users\/22"}],"replies":[{"embeddable":true,"href":"https:\/\/blogs.correiobraziliense.com.br\/vicente\/wp-json\/wp\/v2\/comments?post=7770"}],"version-history":[{"count":1,"href":"https:\/\/blogs.correiobraziliense.com.br\/vicente\/wp-json\/wp\/v2\/posts\/7770\/revisions"}],"predecessor-version":[{"id":7771,"href":"https:\/\/blogs.correiobraziliense.com.br\/vicente\/wp-json\/wp\/v2\/posts\/7770\/revisions\/7771"}],"wp:attachment":[{"href":"https:\/\/blogs.correiobraziliense.com.br\/vicente\/wp-json\/wp\/v2\/media?parent=7770"}],"wp:term":[{"taxonomy":"category","embeddable":true,"href":"https:\/\/blogs.correiobraziliense.com.br\/vicente\/wp-json\/wp\/v2\/categories?post=7770"},{"taxonomy":"post_tag","embeddable":true,"href":"https:\/\/blogs.correiobraziliense.com.br\/vicente\/wp-json\/wp\/v2\/tags?post=7770"}],"curies":[{"name":"wp","href":"https:\/\/api.w.org\/{rel}","templated":true}]}}