{"id":7766,"date":"2018-04-17T12:31:04","date_gmt":"2018-04-17T15:31:04","guid":{"rendered":"https:\/\/blogs.correiobraziliense.com.br\/vicente\/?p=7766"},"modified":"2018-04-17T12:31:04","modified_gmt":"2018-04-17T15:31:04","slug":"oito-em-cada-dez-brasileiros-nao-se-preparam-para-aposentadoria","status":"publish","type":"post","link":"https:\/\/blogs.correiobraziliense.com.br\/vicente\/oito-em-cada-dez-brasileiros-nao-se-preparam-para-aposentadoria\/","title":{"rendered":"Oito em cada dez brasileiros n\u00e3o se preparam para a aposentadoria"},"content":{"rendered":"<h2>HAMILTON FERRARI<\/h2>\n<h2><\/h2>\n<h2>Uma pesquisa do Servi\u00e7o de Prote\u00e7\u00e3o ao Cr\u00e9dito (SPC Brasil) mostrou que 78% dos brasileiros n\u00e3o se preparam para a aposentadoria. A estimativa \u00e9 de que quase 105 milh\u00f5es de adultos est\u00e3o nesta situa\u00e7\u00e3o.<\/h2>\n<p>&nbsp;<\/p>\n<p>Do total, 47% dos entrevistados alegam que n\u00e3o sobra dinheiro ao final do m\u00eas, enquanto 22% justificam que est\u00e3o desempregados. Cerca de 19% come\u00e7aram economizar, mas n\u00e3o conseguiram dar continuidade ao projeto de longo prazo por causa de problemas financeiras. Outros 15% t\u00eam prioridades diferentes.<\/p>\n<p>&nbsp;<\/p>\n<p>Neste cen\u00e1rio, apenas 19% est\u00e3o se preparando para o futuro. Essa porcentagem aumenta para 25% entre os homens. O \u00edndice tamb\u00e9m \u00e9 maior para as pessoas das classes A e B (30%).<\/p>\n<p>&nbsp;<\/p>\n<p>Entre os principais motivos que levaram estas pessoas \u00e0 planejarem a aposentadoria est\u00e3o o h\u00e1bito de programar a vida a longo prazo (35%) e o exemplo de pessoas que n\u00e3o se prepararam e por isso tiveram problemas financeiros depois que pararam de trabalhar (29%).<\/p>\n<p>&nbsp;<\/p>\n<p>O levantamento apontou tamb\u00e9m que os entrevistados come\u00e7aram a poupar, em m\u00e9dia, aos 28 anos. A amostra percebeu que eles pretendem parar de trabalhar aos 61 anos, mas outros 21% querem continuar na ativa de forma integral ou parcial.<\/p>\n<p>&nbsp;<\/p>\n<p>Cerca de 60% das pessoas pretendem viajar e 50% querem passar mais tempo com os amigos ou fam\u00edlia. Outros 42% v\u00e3o buscar novos passatempos. A Confedera\u00e7\u00e3o Nacional de Dirigentes e Lojistas (CNDL) tamb\u00e9m participou do estudo.<\/p>\n<p>&nbsp;<\/p>\n<p><strong>Previd\u00eancia privada<\/strong><\/p>\n<p>&nbsp;<\/p>\n<p>A pesquisa tamb\u00e9m revelou que 12% se preparam para a aposentadoria com planos de previd\u00eancia privada. Destes, 72% possuem uma carteira de coparticipa\u00e7\u00e3o com o empregador, que paga uma parte e desconta a outra na folha de pagamento.<\/p>\n<p>&nbsp;<\/p>\n<p>O restante (28%) pagam integralmente. O valor m\u00e9dio \u00e9 de R$ 191,28 por m\u00eas. A contribui\u00e7\u00e3o ao plano de previd\u00eancia privada representa, em m\u00e9dia, 5,48% do sal\u00e1rio.<\/p>\n<p>&nbsp;<\/p>\n<p><em>Bras\u00edlia, 12h28min<\/em><\/p>\n","protected":false},"excerpt":{"rendered":"<p>HAMILTON FERRARI Uma pesquisa do Servi\u00e7o de Prote\u00e7\u00e3o ao Cr\u00e9dito (SPC Brasil) mostrou que 78% dos brasileiros n\u00e3o se preparam para a aposentadoria. A estimativa \u00e9 de que quase 105 milh\u00f5es de adultos est\u00e3o nesta situa\u00e7\u00e3o. &nbsp; Do total, 47% dos entrevistados alegam que n\u00e3o sobra dinheiro ao final do m\u00eas, enquanto 22% justificam que [&hellip;]<\/p>\n","protected":false},"author":22,"featured_media":0,"comment_status":"open","ping_status":"closed","sticky":false,"template":"","format":"standard","meta":{"footnotes":""},"categories":[600],"tags":[430,3292,2385,3293,3291],"class_list":["post-7766","post","type-post","status-publish","format-standard","hentry","category-economia","tag-aposentadoria","tag-cndl","tag-dinheiro","tag-preparo","tag-spc-brasil"],"_links":{"self":[{"href":"https:\/\/blogs.correiobraziliense.com.br\/vicente\/wp-json\/wp\/v2\/posts\/7766","targetHints":{"allow":["GET"]}}],"collection":[{"href":"https:\/\/blogs.correiobraziliense.com.br\/vicente\/wp-json\/wp\/v2\/posts"}],"about":[{"href":"https:\/\/blogs.correiobraziliense.com.br\/vicente\/wp-json\/wp\/v2\/types\/post"}],"author":[{"embeddable":true,"href":"https:\/\/blogs.correiobraziliense.com.br\/vicente\/wp-json\/wp\/v2\/users\/22"}],"replies":[{"embeddable":true,"href":"https:\/\/blogs.correiobraziliense.com.br\/vicente\/wp-json\/wp\/v2\/comments?post=7766"}],"version-history":[{"count":3,"href":"https:\/\/blogs.correiobraziliense.com.br\/vicente\/wp-json\/wp\/v2\/posts\/7766\/revisions"}],"predecessor-version":[{"id":7769,"href":"https:\/\/blogs.correiobraziliense.com.br\/vicente\/wp-json\/wp\/v2\/posts\/7766\/revisions\/7769"}],"wp:attachment":[{"href":"https:\/\/blogs.correiobraziliense.com.br\/vicente\/wp-json\/wp\/v2\/media?parent=7766"}],"wp:term":[{"taxonomy":"category","embeddable":true,"href":"https:\/\/blogs.correiobraziliense.com.br\/vicente\/wp-json\/wp\/v2\/categories?post=7766"},{"taxonomy":"post_tag","embeddable":true,"href":"https:\/\/blogs.correiobraziliense.com.br\/vicente\/wp-json\/wp\/v2\/tags?post=7766"}],"curies":[{"name":"wp","href":"https:\/\/api.w.org\/{rel}","templated":true}]}}