{"id":7762,"date":"2018-04-17T10:00:28","date_gmt":"2018-04-17T13:00:28","guid":{"rendered":"https:\/\/blogs.correiobraziliense.com.br\/vicente\/?p=7762"},"modified":"2018-04-17T10:28:48","modified_gmt":"2018-04-17T13:28:48","slug":"fmi-preve-crescimento-maior-para-o-brasil-neste-ano-23","status":"publish","type":"post","link":"https:\/\/blogs.correiobraziliense.com.br\/vicente\/fmi-preve-crescimento-maior-para-o-brasil-neste-ano-23\/","title":{"rendered":"FMI prev\u00ea crescimento maior para o Brasil neste ano: 2,3%"},"content":{"rendered":"<h2>ROSANA HESSEL<\/h2>\n<h2><\/h2>\n<h2>O Fundo Monet\u00e1rio Internacional (FMI) elevou as proje\u00e7\u00f5es de crescimento do Brasil em seu relat\u00f3rio semestral Panorama Econ\u00f4mico Global, mas ainda est\u00e1 mais pessimista que o governo e o mercado. Para este ano, prev\u00ea expans\u00e3o de 2,3% no Produto Interno Bruto (PIB), dado 0,4 ponto percentual acima do 1,9% estimado em janeiro. Em outubro de 2017, quando foi publicado o \u00faltimo relat\u00f3rio semestral, a previs\u00e3o do Fundo para o pa\u00eds era de crescimento de 1,5%.<\/h2>\n<h2><\/h2>\n<p>As estimativas do FMI para o PIB do Brasil em 2019 tamb\u00e9m foram elevadas em 0,4 ponto percentual, passando de 2,1%, em janeiro, para 2,5%, em abril. Em rela\u00e7\u00e3o aos dados de outubro, a alta foi de 0,5 ponto. De acordo com \u00f3rg\u00e3o, a melhora nas estimativas \u00e9 decorrente ao aumento do consumo e dos investimentos privados. No entanto, as novas proje\u00e7\u00f5es s\u00e3o conservadoras e est\u00e3o abaixo da expectativa dos minist\u00e9rios da Fazenda e do Planejamento, que consta nos par\u00e2metros do Projeto de Lei de Diretrizes Or\u00e7ament\u00e1rias (PLDO) do ano que vem, de crescimento de 3% em 2018 e em 2019. A mediana das estimativas do mercado para a economia coletadas no boletim semanal Focus, do Banco Central, \u00e9 de alta de 2,76% neste ano e de 3% em 2019.<\/p>\n<p>&nbsp;<\/p>\n<p>O Fundo manteve as perspectivas de janeiro para o crescimento global em 3,9%, tanto em 2018 quanto em 2019. Esses indicadores mostram que o Brasil continuar\u00e1 com taxas de expans\u00e3o inferiores \u00e0s da m\u00e9dia mundial e \u00e0s dos pa\u00edses em desenvolvimento. Conforme os dados do Panorama Econ\u00f4mico Global do FMI, os mercados emergentes devem crescer 4,9%, em 2018, mesmo \u00edndice estimado em janeiro, e avan\u00e7ar 5,1% no ano que vem, dado 0,1 ponto acima dos 5% previstos em janeiro, devido \u201c\u00e0 melhora da demanda externa\u201d. Segundo o \u00f3rg\u00e3o, a expectativa \u00e9 de que a m\u00e9dia de expans\u00e3o dessas economias se estabilize em 5% \u201cno m\u00e9dio prazo\u201d.<\/p>\n<p>&nbsp;<\/p>\n<p>A taxa de crescimento da Am\u00e9rica Latina estimada pelo Fundo teve uma leve melhora, apesar das perspectivas piores para a Argentina e a Venezuela. Passou de 1,9% para 2%, em 2018, e de 2,6% para 2,8%, em 2019. O Fundo reduziu de 2,5% para 2% a previs\u00e3o de crescimento da economia argentina em 2018 em rela\u00e7\u00e3o ao relat\u00f3rio de outubro, \u201cdevido ao efeito da seca sobre a produ\u00e7\u00e3o agr\u00edcola, assim como as necessidades fiscais e monet\u00e1rias para melhorar a sustentabilidade das finan\u00e7as p\u00fablicas e reduzir a infla\u00e7\u00e3o elevada\u201d. \u201cPosteriormente, o crescimento dever\u00e1 se recuperar gradualmente para 3,3% no m\u00e9dio prazo\u201d, informou o \u00f3rg\u00e3o. A previs\u00e3o de queda do PIB da Venezuela em 2018 passou de 9% para 15%, em 2018, e de 2% para 6%, em 2019, devido \u00e0 forte crise que levou ao colapso na produ\u00e7\u00e3o e na exporta\u00e7\u00e3o do petr\u00f3leo desde 2014.<\/p>\n<p>&nbsp;<\/p>\n<p>A divulga\u00e7\u00e3o desse relat\u00f3rio faz parte do encontro semestral do FMI, que re\u00fane ministros da Fazenda e presidentes de Bancos Centrais dos 189 pa\u00edses membros do \u00f3rg\u00e3o. Neste ano, as reuni\u00f5es do evento de primavera (no Hemisf\u00e9rio Norte) ocorrem entre os dias 20 e 22 deste m\u00eas.<\/p>\n<p>&nbsp;<\/p>\n<p>O ministro da Fazenda, Eduardo Guardia, embarca rumo \u00e0 capital dos Estados Unidos para participar do encontro nesta quarta-feira (18\/04). J\u00e1 o presidente do Banco Central, Ilan Goldfajn, come\u00e7ou sua agenda nos EUA na segunda-feira (16\/04), em Nova York, onde participa de eventos com investidores. De quarta-feira at\u00e9 s\u00e1bado, ele ficar\u00e1 em Washington, na reuni\u00e3o de primavera do FMI e do encontro do G20, grupo das 19 principais economias do planeta mais a Uni\u00e3o Europeia.<\/p>\n<p>&nbsp;<\/p>\n<p><b>&gt;&gt;Principais previs\u00f5es do FMI para a economia global<\/b><\/p>\n<p>Taxas de crescimento (Em %)<\/p>\n<p>2017 \u00a0 \u00a0 \u00a0 \u00a0 \u00a02018 \u00a0 \u00a0 \u00a0 \u00a0 \u00a02019<\/p>\n<p>Mundo \u00a0 \u00a0 \u00a0 \u00a0 \u00a0 \u00a03,8 \u00a0 \u00a0 \u00a0 \u00a0 \u00a0 \u00a03,9 \u00a0 \u00a0 \u00a0 \u00a0 \u00a0 \u00a0 \u00a03,9<\/p>\n<p>Economias desenvolvidas 2,3 2,5 2,2<\/p>\n<p>Estados Unidos \u00a0 2,3 \u00a0 \u00a0 \u00a02,9 \u00a0 \u00a0 \u00a0 \u00a0 \u00a0 2,7<\/p>\n<p>Zona do Euro \u00a0 \u00a0 \u00a0 2,3 \u00a0 \u00a0 \u00a0 2,4 \u00a0 \u00a0 \u00a0 \u00a0 2,0<\/p>\n<p>Alemanha \u00a0 \u00a0 \u00a0 \u00a0 \u00a0 \u00a0 \u00a02,5 \u00a0 \u00a0 \u00a0 2,5 \u00a0 \u00a0 \u00a0 \u00a0 2,0<\/p>\n<p>Economias emergentes 4,8 \u00a0 \u00a04,9 \u00a0 \u00a05,1<\/p>\n<p>R\u00fassia \u00a0 \u00a0 \u00a0 \u00a0 \u00a0 \u00a0 \u00a0 \u00a0 \u00a0 \u00a01,5 \u00a0 \u00a0 \u00a0 \u00a01,7 \u00a0 \u00a0 \u00a0 \u00a0 \u00a0 \u00a01,5<\/p>\n<p>China \u00a0 \u00a0 \u00a0 \u00a0 \u00a0 \u00a0 \u00a0 \u00a0 \u00a0 \u00a0 6,9 \u00a0 \u00a0 \u00a0 \u00a06,6 \u00a0 \u00a0 \u00a0 \u00a0 \u00a06,4<\/p>\n<p>\u00cdndia \u00a0 \u00a0 \u00a0 \u00a0 \u00a0 \u00a0 \u00a0 \u00a0 \u00a0 \u00a0 \u00a0 6,7 \u00a0 \u00a0 \u00a0 \u00a07,4 \u00a0 \u00a0 \u00a0 \u00a0 \u00a07,8<\/p>\n<p>\u00c1frica do Sul. \u00a0 \u00a0 \u00a0 \u00a01,3 \u00a0 \u00a0 \u00a0 \u00a0 1,5 \u00a0 \u00a0 \u00a0 \u00a0 \u00a0 1,7<\/p>\n<p>Am\u00e9rica Latina. \u00a0 \u00a01,3 \u00a0 \u00a0 \u00a0 \u00a0 2,0 \u00a0 \u00a0 \u00a0 \u00a02,8<\/p>\n<p>Brasil \u00a0 \u00a0 \u00a0 \u00a0 \u00a0 \u00a0 \u00a0 \u00a0 \u00a0 \u00a0 \u00a0 1,0 \u00a0 \u00a0 \u00a0 \u00a0 2,3 \u00a0 \u00a0 \u00a0 \u00a02,5<\/p>\n<p>M\u00e9xico \u00a0 \u00a0 \u00a0 \u00a0 \u00a0 \u00a0 \u00a0 \u00a0 \u00a0 \u00a0 2,0 \u00a0 \u00a0 \u00a0 \u00a0 2,3 \u00a0 \u00a0 \u00a0 \u00a03,0<\/p>\n<p>&nbsp;<\/p>\n<p><b>Fonte<\/b>: Panorama Econ\u00f4mico Global (World Economic Outlook)<\/p>\n<p>&nbsp;<\/p>\n<p><i>Bras\u00edlia, 10h00min<\/i><\/p>\n","protected":false},"excerpt":{"rendered":"<p>ROSANA HESSEL O Fundo Monet\u00e1rio Internacional (FMI) elevou as proje\u00e7\u00f5es de crescimento do Brasil em seu relat\u00f3rio semestral Panorama Econ\u00f4mico Global, mas ainda est\u00e1 mais pessimista que o governo e o mercado. Para este ano, prev\u00ea expans\u00e3o de 2,3% no Produto Interno Bruto (PIB), dado 0,4 ponto percentual acima do 1,9% estimado em janeiro. Em [&hellip;]<\/p>\n","protected":false},"author":22,"featured_media":0,"comment_status":"open","ping_status":"closed","sticky":false,"template":"","format":"standard","meta":{"footnotes":""},"categories":[600],"tags":[489,378,113,2250,3252],"class_list":["post-7762","post","type-post","status-publish","format-standard","hentry","category-economia","tag-489","tag-brasil","tag-crescimento","tag-fmi","tag-guardia"],"_links":{"self":[{"href":"https:\/\/blogs.correiobraziliense.com.br\/vicente\/wp-json\/wp\/v2\/posts\/7762","targetHints":{"allow":["GET"]}}],"collection":[{"href":"https:\/\/blogs.correiobraziliense.com.br\/vicente\/wp-json\/wp\/v2\/posts"}],"about":[{"href":"https:\/\/blogs.correiobraziliense.com.br\/vicente\/wp-json\/wp\/v2\/types\/post"}],"author":[{"embeddable":true,"href":"https:\/\/blogs.correiobraziliense.com.br\/vicente\/wp-json\/wp\/v2\/users\/22"}],"replies":[{"embeddable":true,"href":"https:\/\/blogs.correiobraziliense.com.br\/vicente\/wp-json\/wp\/v2\/comments?post=7762"}],"version-history":[{"count":1,"href":"https:\/\/blogs.correiobraziliense.com.br\/vicente\/wp-json\/wp\/v2\/posts\/7762\/revisions"}],"predecessor-version":[{"id":7763,"href":"https:\/\/blogs.correiobraziliense.com.br\/vicente\/wp-json\/wp\/v2\/posts\/7762\/revisions\/7763"}],"wp:attachment":[{"href":"https:\/\/blogs.correiobraziliense.com.br\/vicente\/wp-json\/wp\/v2\/media?parent=7762"}],"wp:term":[{"taxonomy":"category","embeddable":true,"href":"https:\/\/blogs.correiobraziliense.com.br\/vicente\/wp-json\/wp\/v2\/categories?post=7762"},{"taxonomy":"post_tag","embeddable":true,"href":"https:\/\/blogs.correiobraziliense.com.br\/vicente\/wp-json\/wp\/v2\/tags?post=7762"}],"curies":[{"name":"wp","href":"https:\/\/api.w.org\/{rel}","templated":true}]}}