{"id":7751,"date":"2018-04-14T19:25:07","date_gmt":"2018-04-14T22:25:07","guid":{"rendered":"https:\/\/blogs.correiobraziliense.com.br\/vicente\/?p=7751"},"modified":"2018-04-14T22:22:35","modified_gmt":"2018-04-15T01:22:35","slug":"mansueto-almeida-assumira-tesouro-nacional","status":"publish","type":"post","link":"https:\/\/blogs.correiobraziliense.com.br\/vicente\/mansueto-almeida-assumira-tesouro-nacional\/","title":{"rendered":"Mansueto Almeida assumir\u00e1 Tesouro Nacional"},"content":{"rendered":"<h2>O novo ministro da Fazenda, Eduardo Guardia, bateu o martelo. Mansueto Almeida vai trocar a Secretaria de Acompanhamento Fiscal pelo Tesouro Nacional. Ele substituir\u00e1 Ana Paula Vescovi, transferida para a secretaria executiva da pasta.<\/h2>\n<h2><\/h2>\n<p>A mudan\u00e7a de Mansueto para o Tesouro foi acertada entre Guardia e o ex-ministro da Fazenda Henrique Meirelles, que continua dando as cartas no minist\u00e9rio. Meirelles quer usar a pasta a seu favor caso realmente seja o candidato do MDB \u00e0 Presid\u00eancia da Rep\u00fablica.<\/p>\n<p>&nbsp;<\/p>\n<p>Durante o processo de mudan\u00e7as na equipe econ\u00f4mica, Meirelles tentou fazer Mansueto ministro do Planejamento. Mas o ent\u00e3o chefe da pasta, Dyogo Oliveira, com o apoio do senador Romero Juc\u00e1 (MDB-RR), \u00a0criou todo tipo de dificuldade para que Meirelles tivesse sucesso. O time do Planejamento n\u00e3o aceitava que Meirelles dominasse toda a equipe econ\u00f4mica.<\/p>\n<p>&nbsp;<\/p>\n<p><b>Rebeli\u00e3o<\/b><\/p>\n<p>&nbsp;<\/p>\n<p>Tamb\u00e9m na Fazenda houve uma rebeli\u00e3o contra Dyogo, que desejava substituir Meirelles. Os secret\u00e1rios nomeados por Meirelles amea\u00e7aram renunciar aos cargos se o ent\u00e3o chefe do Planejamento conseguisse seu intento. Dyogo acabou nomeado para a presid\u00eancia do Banco Nacional de Desenvolvimento Econ\u00f4mico e Social (BNDES).<\/p>\n<p>&nbsp;<\/p>\n<p>Ao longo do governo de Michel Temer, Fazenda e Planejamento disputaram espa\u00e7os. De in\u00edcio, acreditou-se que Meirelles dominaria as aten\u00e7\u00f5es. Aos poucos, por\u00e9m, Dyogo, ainda interino, foi ocupando espa\u00e7o com medidas populares que ajudaram a dar um novo g\u00e1s \u00e0 economia.<\/p>\n<p>&nbsp;<\/p>\n<p>Uma dessas medidas foi a libera\u00e7\u00e3o de recursos de contas inativas do Fundo de Garantia do Tempo de Servi\u00e7o (FGTS). Meirelles foi contra, mas Temer bancou a proposta, vital para dar f\u00f4lego ao consumo das fam\u00edlias e estimular o Produto Interno Bruto (PIB).<\/p>\n<p>&nbsp;<\/p>\n<p>A partir da\u00ed, Dyogo caiu nas gra\u00e7as de Temer. A Fazenda, por\u00e9m, n\u00e3o conseguiu cumprir seu maior desafio: equacionar as contas p\u00fablicas. O deficit fiscal continua preocupando e deve se estender at\u00e9, pelo menos, 2021. Neste ano, o rombo previsto \u00e9 de R$ 159 bilh\u00f5es. Em 2019, deve ficar em R$ 139 bilh\u00f5es.<\/p>\n","protected":false},"excerpt":{"rendered":"<p>O novo ministro da Fazenda, Eduardo Guardia, bateu o martelo. Mansueto Almeida vai trocar a Secretaria de Acompanhamento Fiscal pelo Tesouro Nacional. Ele substituir\u00e1 Ana Paula Vescovi, transferida para a secretaria executiva da pasta. A mudan\u00e7a de Mansueto para o Tesouro foi acertada entre Guardia e o ex-ministro da Fazenda Henrique Meirelles, que continua dando [&hellip;]<\/p>\n","protected":false},"author":22,"featured_media":0,"comment_status":"open","ping_status":"closed","sticky":false,"template":"","format":"standard","meta":{"footnotes":""},"categories":[600],"tags":[2633,3252,2855,2432,121],"class_list":["post-7751","post","type-post","status-publish","format-standard","hentry","category-economia","tag-dyogo","tag-guardia","tag-mansueto","tag-meirelles","tag-tesouro-nacional"],"_links":{"self":[{"href":"https:\/\/blogs.correiobraziliense.com.br\/vicente\/wp-json\/wp\/v2\/posts\/7751","targetHints":{"allow":["GET"]}}],"collection":[{"href":"https:\/\/blogs.correiobraziliense.com.br\/vicente\/wp-json\/wp\/v2\/posts"}],"about":[{"href":"https:\/\/blogs.correiobraziliense.com.br\/vicente\/wp-json\/wp\/v2\/types\/post"}],"author":[{"embeddable":true,"href":"https:\/\/blogs.correiobraziliense.com.br\/vicente\/wp-json\/wp\/v2\/users\/22"}],"replies":[{"embeddable":true,"href":"https:\/\/blogs.correiobraziliense.com.br\/vicente\/wp-json\/wp\/v2\/comments?post=7751"}],"version-history":[{"count":9,"href":"https:\/\/blogs.correiobraziliense.com.br\/vicente\/wp-json\/wp\/v2\/posts\/7751\/revisions"}],"predecessor-version":[{"id":7760,"href":"https:\/\/blogs.correiobraziliense.com.br\/vicente\/wp-json\/wp\/v2\/posts\/7751\/revisions\/7760"}],"wp:attachment":[{"href":"https:\/\/blogs.correiobraziliense.com.br\/vicente\/wp-json\/wp\/v2\/media?parent=7751"}],"wp:term":[{"taxonomy":"category","embeddable":true,"href":"https:\/\/blogs.correiobraziliense.com.br\/vicente\/wp-json\/wp\/v2\/categories?post=7751"},{"taxonomy":"post_tag","embeddable":true,"href":"https:\/\/blogs.correiobraziliense.com.br\/vicente\/wp-json\/wp\/v2\/tags?post=7751"}],"curies":[{"name":"wp","href":"https:\/\/api.w.org\/{rel}","templated":true}]}}