{"id":7749,"date":"2018-04-14T06:54:42","date_gmt":"2018-04-14T09:54:42","guid":{"rendered":"https:\/\/blogs.correiobraziliense.com.br\/vicente\/?p=7749"},"modified":"2018-04-14T22:18:23","modified_gmt":"2018-04-15T01:18:23","slug":"correio-economico-o-engodo-do-dream-team-de-meirelles","status":"publish","type":"post","link":"https:\/\/blogs.correiobraziliense.com.br\/vicente\/correio-economico-o-engodo-do-dream-team-de-meirelles\/","title":{"rendered":"Correio Econ\u00f4mico: O engodo do dream team de Meirelles"},"content":{"rendered":"<h2>Henrique Meirelles deixou o Minist\u00e9rio da Fazenda convencido de que ser\u00e1 o candidato do MDB \u00e0 Presid\u00eancia da Rep\u00fablica. Acredita que tem argumentos de sobra para convencer os eleitores de que \u00e9 a melhor pessoa para conduzir o pa\u00eds a partir de 2019. N\u00e3o h\u00e1 d\u00favidas de que, enquanto chefiou a equipe econ\u00f4mica, ele obteve conquistas importantes. Mas tamb\u00e9m falhou \u2014 e muito \u2014, sobretudo em rela\u00e7\u00e3o ao ajuste das contas p\u00fablicas. Meirelles, ao contr\u00e1rio do que prega, n\u00e3o conseguiu reverter o rombo fiscal. No m\u00e1ximo, reduziu o ritmo de piora das contas p\u00fablicas.<\/h2>\n<h2><\/h2>\n<p>Meirelles, que chegou \u00e0 Fazenda incensado por estar cercado por um time dos sonhos, o dream team, entregou o cargo de ministro com rombo previsto de R$ 159 bilh\u00f5es em 2018. A promessa era de que, j\u00e1 em 2021, as contas p\u00fablicas estariam no azul. Agora, seu sucessor, Eduardo Guardia, avisa que, na melhor das hip\u00f3teses, os deficits v\u00e3o perdurar at\u00e9 2022. Ser\u00e3o pelo menos nove anos de buraco nas finan\u00e7as federais. O prometido ajuste fiscal virou miragem, promessa n\u00e3o cumprida. Se realmente for candidato \u00e0 sucess\u00e3o de Michel Temer, Meirelles ter\u00e1 muito o que explicar.<\/p>\n<p>&nbsp;<\/p>\n<p>Em outros tempos, os rombos fiscais se tornariam motivo de alarde entre os economistas. O discurso seria o de que o pa\u00eds estaria \u00e0 beira do colapso. Agora, por conveni\u00eancia, pois querem eleger um candidato alinhado com o pensamento de mercado, fazem vista grossa. No m\u00e1ximo, deixam escapar uma ou outra ressalva. O argumento \u00e9 de que Guardia e companhia s\u00e3o confi\u00e1veis. Mas \u00e9 muito f\u00e1cil levar na conversa e jogar a bomba no colo dos outros. No caso, do pr\u00f3ximo presidente. Caber\u00e1 a ele fazer o que Meirelles, Guardia, Dyogo Oliveira, ex-ministro do Planejamento, e companhia n\u00e3o fizeram.<\/p>\n<p>&nbsp;<\/p>\n<p>Do ponto de vista fiscal \u2014 o rombo estimado para 2020 saltou de R$ 65 bilh\u00f5es para R$ 110 bilh\u00f5es \u2014, o dream team \u00e9 um fiasco. Como tamb\u00e9m tem sido em rela\u00e7\u00e3o \u00e0 retomada do crescimento. No ano passado, houve integrantes da equipe econ\u00f4mica falando em crescimento de 3%. O resultado final foi de 1%. Neste momento, o governo insiste que o avan\u00e7o do Produto Interno Bruto (PIB) em 2018 ser\u00e1 de 3%, mas ningu\u00e9m acredita que isso possa acontecer. A fragilidade da atividade \u00e9 vis\u00edvel. Nos dois primeiros meses do ano, ind\u00fastria, varejo e servi\u00e7os tiveram desempenhos aqu\u00e9m do previsto.<\/p>\n<p>&nbsp;<\/p>\n<p><b>Complac\u00eancia do mercado<\/b><\/p>\n<p>&nbsp;<\/p>\n<p>Para a equipe econ\u00f4mica, \u00e9 muito conveniente projetar crescimento maior do que o real. Isso permite inflar as receitas. Assim, fica mais f\u00e1cil acomodar os gastos, que n\u00e3o param de crescer. Na verdade, o governo n\u00e3o fez nenhum esfor\u00e7o efetivo para conter as despesas. Somente com pessoal, a fatura aumentar\u00e1 R$ 20 bilh\u00f5es em 2019, para R$ 322 bilh\u00f5es. O Planejamento quis adiar o reajuste da elite do funcionalismo de 2018 para 2019, mas foi impedido por liminar concedida pelo ministro Ricardo Lewandowski, do Supremo Tribunal Federal (STF). Em vez de recorrer, se acovardou.<\/p>\n<p>&nbsp;<\/p>\n<p>O governo tamb\u00e9m fez corpo mole em rela\u00e7\u00e3o ao pacote de 12 medidas que Meirelles anunciou com toda a pompa depois de o projeto de reforma da Previd\u00eancia Social ser enterrado. Nenhuma delas andou. O que era para ser um ajuste virou desajuste fiscal. Tornou-se c\u00f4modo para a equipe econ\u00f4mica empurrar o rombo das contas p\u00fablicas com a barriga. Ela se fia na complac\u00eancia do mercado e torce para quem for eleito fazer o dever de casa. Guardia, inclusive, j\u00e1 absorveu o discurso. Diz que, se as reformas n\u00e3o forem feitas nos pr\u00f3ximos anos, a taxa de crescimento do pa\u00eds vai minguar. \u00c9 o bl\u00e1-bl\u00e1-bl\u00e1 de sempre.<\/p>\n<p>&nbsp;<\/p>\n<p>O engodo do dream team s\u00f3 n\u00e3o \u00e9 maior devido \u00e0 queda da infla\u00e7\u00e3o, que foi empurrada ladeira abaixo pelos pre\u00e7os dos alimentos. Os juros tamb\u00e9m desabaram, mas os mesmos bancos que inflam o ego da equipe econ\u00f4mica n\u00e3o barateiam o cr\u00e9dito, inibindo um importante propulsor da produ\u00e7\u00e3o e do consumo. Enfim, a equipe econ\u00f4mica vai continuar deitada na fama, alardeando seus sucessos, mas deixando uma bomba fiscal para o futuro governo. Elaborado pelo time dos sonhos, o Projeto de Lei de Diretrizes Or\u00e7ament\u00e1rias (PLDO) de 2019 encaminhado ao Congresso \u00e9 uma obra de fic\u00e7\u00e3o. Nada mais que isso.<\/p>\n","protected":false},"excerpt":{"rendered":"<p>Henrique Meirelles deixou o Minist\u00e9rio da Fazenda convencido de que ser\u00e1 o candidato do MDB \u00e0 Presid\u00eancia da Rep\u00fablica. Acredita que tem argumentos de sobra para convencer os eleitores de que \u00e9 a melhor pessoa para conduzir o pa\u00eds a partir de 2019. N\u00e3o h\u00e1 d\u00favidas de que, enquanto chefiou a equipe econ\u00f4mica, ele obteve [&hellip;]<\/p>\n","protected":false},"author":22,"featured_media":0,"comment_status":"open","ping_status":"closed","sticky":false,"template":"","format":"standard","meta":{"footnotes":""},"categories":[600],"tags":[3285,360,3252,2432],"class_list":["post-7749","post","type-post","status-publish","format-standard","hentry","category-economia","tag-dream-team","tag-equipe-economica","tag-guardia","tag-meirelles"],"_links":{"self":[{"href":"https:\/\/blogs.correiobraziliense.com.br\/vicente\/wp-json\/wp\/v2\/posts\/7749","targetHints":{"allow":["GET"]}}],"collection":[{"href":"https:\/\/blogs.correiobraziliense.com.br\/vicente\/wp-json\/wp\/v2\/posts"}],"about":[{"href":"https:\/\/blogs.correiobraziliense.com.br\/vicente\/wp-json\/wp\/v2\/types\/post"}],"author":[{"embeddable":true,"href":"https:\/\/blogs.correiobraziliense.com.br\/vicente\/wp-json\/wp\/v2\/users\/22"}],"replies":[{"embeddable":true,"href":"https:\/\/blogs.correiobraziliense.com.br\/vicente\/wp-json\/wp\/v2\/comments?post=7749"}],"version-history":[{"count":1,"href":"https:\/\/blogs.correiobraziliense.com.br\/vicente\/wp-json\/wp\/v2\/posts\/7749\/revisions"}],"predecessor-version":[{"id":7750,"href":"https:\/\/blogs.correiobraziliense.com.br\/vicente\/wp-json\/wp\/v2\/posts\/7749\/revisions\/7750"}],"wp:attachment":[{"href":"https:\/\/blogs.correiobraziliense.com.br\/vicente\/wp-json\/wp\/v2\/media?parent=7749"}],"wp:term":[{"taxonomy":"category","embeddable":true,"href":"https:\/\/blogs.correiobraziliense.com.br\/vicente\/wp-json\/wp\/v2\/categories?post=7749"},{"taxonomy":"post_tag","embeddable":true,"href":"https:\/\/blogs.correiobraziliense.com.br\/vicente\/wp-json\/wp\/v2\/tags?post=7749"}],"curies":[{"name":"wp","href":"https:\/\/api.w.org\/{rel}","templated":true}]}}